{"id":8852,"date":"2022-07-06T11:47:03","date_gmt":"2022-07-06T09:47:03","guid":{"rendered":"https:\/\/labreva.com\/?p=1762"},"modified":"2025-12-15T11:04:56","modified_gmt":"2025-12-15T10:04:56","slug":"wasserflugzeuge-event-hubschrauber-ausfluege","status":"publish","type":"post","link":"https:\/\/labreva.com\/it\/wasserflugzeuge-event-hubschrauber-ausfluege\/","title":{"rendered":"Wasserflugzeuge Event Hubschrauber Ausfl\u00fcge"},"content":{"rendered":"\t\t<div data-elementor-type=\"wp-post\" data-elementor-id=\"8852\" class=\"elementor elementor-8852\" data-elementor-post-type=\"post\">\n\t\t\t\t\t\t<section class=\"elementor-section elementor-top-section elementor-element elementor-element-30b2fa82 elementor-section-boxed elementor-section-height-default elementor-section-height-default\" data-id=\"30b2fa82\" data-element_type=\"section\" data-e-type=\"section\">\n\t\t\t\t\t\t<div class=\"elementor-container elementor-column-gap-default\">\n\t\t\t\t\t<div class=\"elementor-column elementor-col-100 elementor-top-column elementor-element elementor-element-3bf50f63\" data-id=\"3bf50f63\" data-element_type=\"column\" data-e-type=\"column\">\n\t\t\t<div class=\"elementor-widget-wrap elementor-element-populated\">\n\t\t\t\t\t\t<div class=\"elementor-element elementor-element-5a4e0b70 elementor-widget elementor-widget-text-editor\" data-id=\"5a4e0b70\" data-element_type=\"widget\" data-e-type=\"widget\" data-widget_type=\"text-editor.default\">\n\t\t\t\t\t\t\t\t\t\n<p><a href=\"https:\/\/labreva.com\/files\/images\/veranstaltungen\/wasserflugzeuge-event.jpg\"><\/a><\/p>\n\t\t\t\t\t\t\t\t<\/div>\n\t\t\t\t\t<\/div>\n\t\t<\/div>\n\t\t\t\t\t<\/div>\n\t\t<\/section>\n\t\t\t\t<section class=\"elementor-section elementor-top-section elementor-element elementor-element-1ba2c3c elementor-section-boxed elementor-section-height-default elementor-section-height-default\" data-id=\"1ba2c3c\" data-element_type=\"section\" data-e-type=\"section\">\n\t\t\t\t\t\t<div class=\"elementor-container elementor-column-gap-default\">\n\t\t\t\t\t<div class=\"elementor-column elementor-col-100 elementor-top-column elementor-element elementor-element-adfb6c9\" data-id=\"adfb6c9\" data-element_type=\"column\" data-e-type=\"column\">\n\t\t\t<div class=\"elementor-widget-wrap elementor-element-populated\">\n\t\t\t\t\t\t<div class=\"elementor-element elementor-element-123f174 elementor-widget elementor-widget-heading\" data-id=\"123f174\" data-element_type=\"widget\" data-e-type=\"widget\" data-widget_type=\"heading.default\">\n\t\t\t\t\t<h2 class=\"elementor-heading-title elementor-size-default\">Wasserflugzeuge Event Hubschrauber Ausfl\u00fcge<\/h2>\t\t\t\t<\/div>\n\t\t\t\t\t<\/div>\n\t\t<\/div>\n\t\t\t\t\t<\/div>\n\t\t<\/section>\n\t\t\t\t<section class=\"elementor-section elementor-top-section elementor-element elementor-element-26b3597 elementor-section-boxed elementor-section-height-default elementor-section-height-default\" data-id=\"26b3597\" data-element_type=\"section\" data-e-type=\"section\">\n\t\t\t\t\t\t<div class=\"elementor-container elementor-column-gap-default\">\n\t\t\t\t\t<div class=\"elementor-column elementor-col-100 elementor-top-column elementor-element elementor-element-9d7b086\" data-id=\"9d7b086\" data-element_type=\"column\" data-e-type=\"column\">\n\t\t\t<div class=\"elementor-widget-wrap elementor-element-populated\">\n\t\t\t\t\t\t<div class=\"elementor-element elementor-element-48bc9fe elementor-widget elementor-widget-text-editor\" data-id=\"48bc9fe\" data-element_type=\"widget\" data-e-type=\"widget\" data-widget_type=\"text-editor.default\">\n\t\t\t\t\t\t\t\t\t<div class=\"layout_full block\">\n<div class=\"ce_text punkt block\">\n<p>Volare! Den Comer See aus der Vogelperspektive erleben. Reisen an den Comer See sind immer was Besonderes! Dabei darf es im Urlaub auch gern einmal ein bisschen mehr Luxus sein. Zum Beispiel mit einem Rundflug \u00fcber den Comer See im Wasserflugzeug.<\/p>\n<p>Gewinnen Sie aus der Vogelperspektive v\u00f6llig neue Eindr\u00fccke und machen Ihren Urlaub zu einem unvergesslichen Erlebnis. Der Aeroclub Como bietet Rundfl\u00fcge mit dem Wasserflugzeug, n\u00e4here Informationen finden Sie auf der Homepage des Aeroclub Como in englischer sowie italienischer Sprache . Buchung und Info unter 031-574495 bzw. aus Deutschland 0039 031 57 44 95.<br \/><a title=\"Comer See Fl\u00fcge, Fliegen, Panorama Fl\u00fcge\" href=\"http:\/\/www.aeroclubcomo.com\/\" target=\"_blank\" rel=\"nofollow noopener\">www.aeroclubcomo.com<\/a><\/p>\n<p>Erleben Sie den\u00a0<strong>Comer See<\/strong>\u00a0auf eine der sch\u00f6nsten Arten &#8211; Fliegen Sie! Entdecken Sie versteckte Villen, wundersch\u00f6ne G\u00e4rten und Parkanlagen sowie vertr\u00e4umte Buchten aus einer inspirierenden Perspektive. Ein Rundflug in einem Wasserflugzeug des\u00a0<strong>AERO CLUB COMO<\/strong>\u00a0l\u00e4sst diesen Traum wahr werden! Eine tolle Geschenkidee f\u00fcr einen Geburtstag oder ein Jubil\u00e4um!<\/p>\n<p>Die hervorragend gewarteten Maschinen werden von Berufspiloten geflogen und starten bzw. landen auf dem See direkt am Stadion.<\/p>\n<p><strong>Rundflug<\/strong>, Dauer und Preise nach Absprache.\u00a0<\/p>\n<p>Flugzeiten von 09:00 Uhr bis Sonnenuntergang.<\/p>\n<p>Reservierung der Fl\u00fcge ist empfehlenswert.\u00a0<\/p>\n<p>Es wird\u00a0 Englisch gesprochen.<\/p>\n<p>In der zugeh\u00f6rigen, sehr engagierten\u00a0<strong>Flugschule<\/strong>\u00a0kann die Privatpiloten-Lizenz erworben werden, die M\u00f6glichkeit des Erwerbs einer solchen Wasserflug-Berechtigung zieht Piloten aus aller Welt an den Comer See.<\/p>\n<p>\u00a0<\/p>\n<p>Alle Angaben nach bestem Wissen und ohne Gew\u00e4hr auf Richtigkeit und Aktualit\u00e4t.<\/p>\n<\/div>\n<\/div>\t\t\t\t\t\t\t\t<\/div>\n\t\t\t\t\t<\/div>\n\t\t<\/div>\n\t\t\t\t\t<\/div>\n\t\t<\/section>\n\t\t\t\t<\/div>\n\t\t","protected":false},"excerpt":{"rendered":"<p>Volare! Den Comer See aus der Vogelperspektive erleben. Reisen an den Comer See sind immer was Besonderes! Dabei darf es im Urlaub auch gern einmal ein bisschen mehr Luxus sein. Zum Beispiel mit einem Rundflug \u00fcber den Comer See im Wasserflugzeug&#8230;<\/p>\n","protected":false},"author":1,"featured_media":1763,"comment_status":"open","ping_status":"open","sticky":false,"template":"","format":"standard","meta":{"_acf_changed":false,"footnotes":""},"categories":[1],"tags":[],"class_list":["post-8852","post","type-post","status-publish","format-standard","has-post-thumbnail","hentry","category-nicht-kategorisiert"],"acf":[],"yoast_head":"<!-- This site is optimized with the Yoast SEO plugin v27.3 - https:\/\/yoast.com\/product\/yoast-seo-wordpress\/ -->\n<title>Wasserflugzeuge Event Hubschrauber Ausfl\u00fcge - LABREVA - Feriendomizile am Comer See<\/title>\n<meta name=\"robots\" content=\"index, follow, max-snippet:-1, max-image-preview:large, max-video-preview:-1\" \/>\n<link rel=\"canonical\" href=\"https:\/\/labreva.com\/it\/wasserflugzeuge-event-hubschrauber-ausfluege\/\" \/>\n<meta property=\"og:locale\" content=\"it_IT\" \/>\n<meta property=\"og:type\" content=\"article\" \/>\n<meta property=\"og:title\" content=\"Wasserflugzeuge Event Hubschrauber Ausfl\u00fcge - LABREVA - Feriendomizile am Comer See\" \/>\n<meta property=\"og:description\" content=\"Volare! Den Comer See aus der Vogelperspektive erleben. Reisen an den Comer See sind immer was Besonderes! Dabei darf es im Urlaub auch gern einmal ein bisschen mehr Luxus sein. Zum Beispiel mit einem Rundflug \u00fcber den Comer See im Wasserflugzeug...\" \/>\n<meta property=\"og:url\" content=\"https:\/\/labreva.com\/it\/wasserflugzeuge-event-hubschrauber-ausfluege\/\" \/>\n<meta property=\"og:site_name\" content=\"LABREVA - Feriendomizile am Comer See\" \/>\n<meta property=\"article:published_time\" content=\"2022-07-06T09:47:03+00:00\" \/>\n<meta property=\"article:modified_time\" content=\"2025-12-15T10:04:56+00:00\" \/>\n<meta property=\"og:image\" content=\"https:\/\/labreva.com\/wp-content\/uploads\/2025\/11\/mf7860156.jpg\" \/>\n\t<meta property=\"og:image:width\" content=\"1934\" \/>\n\t<meta property=\"og:image:height\" content=\"1339\" \/>\n\t<meta property=\"og:image:type\" content=\"image\/jpeg\" \/>\n<meta name=\"author\" content=\"admin_xrPcOR73cNm9o1lnBnzC1xiFyF\" \/>\n<meta name=\"twitter:card\" content=\"summary_large_image\" \/>\n<meta name=\"twitter:label1\" content=\"Scritto da\" \/>\n\t<meta name=\"twitter:data1\" content=\"admin_xrPcOR73cNm9o1lnBnzC1xiFyF\" \/>\n\t<meta name=\"twitter:label2\" content=\"Tempo di lettura stimato\" \/>\n\t<meta name=\"twitter:data2\" content=\"2 minuti\" \/>\n<script type=\"application\/ld+json\" class=\"yoast-schema-graph\">{\"@context\":\"https:\\\/\\\/schema.org\",\"@graph\":[{\"@type\":\"Article\",\"@id\":\"https:\\\/\\\/labreva.com\\\/it\\\/wasserflugzeuge-event-hubschrauber-ausfluege\\\/#article\",\"isPartOf\":{\"@id\":\"https:\\\/\\\/labreva.com\\\/it\\\/wasserflugzeuge-event-hubschrauber-ausfluege\\\/\"},\"author\":{\"name\":\"admin_xrPcOR73cNm9o1lnBnzC1xiFyF\",\"@id\":\"https:\\\/\\\/labreva.com\\\/it\\\/#\\\/schema\\\/person\\\/3d3252f644922b8a1d4e1cdcdd1c8369\"},\"headline\":\"Wasserflugzeuge Event Hubschrauber Ausfl\u00fcge\",\"datePublished\":\"2022-07-06T09:47:03+00:00\",\"dateModified\":\"2025-12-15T10:04:56+00:00\",\"mainEntityOfPage\":{\"@id\":\"https:\\\/\\\/labreva.com\\\/it\\\/wasserflugzeuge-event-hubschrauber-ausfluege\\\/\"},\"wordCount\":240,\"commentCount\":0,\"publisher\":{\"@id\":\"https:\\\/\\\/labreva.com\\\/it\\\/#organization\"},\"image\":{\"@id\":\"https:\\\/\\\/labreva.com\\\/it\\\/wasserflugzeuge-event-hubschrauber-ausfluege\\\/#primaryimage\"},\"thumbnailUrl\":\"https:\\\/\\\/labreva.com\\\/wp-content\\\/uploads\\\/2025\\\/11\\\/mf7860156.jpg\",\"articleSection\":[\"Nicht kategorisiert\"],\"inLanguage\":\"it-IT\",\"potentialAction\":[{\"@type\":\"CommentAction\",\"name\":\"Comment\",\"target\":[\"https:\\\/\\\/labreva.com\\\/it\\\/wasserflugzeuge-event-hubschrauber-ausfluege\\\/#respond\"]}]},{\"@type\":\"WebPage\",\"@id\":\"https:\\\/\\\/labreva.com\\\/it\\\/wasserflugzeuge-event-hubschrauber-ausfluege\\\/\",\"url\":\"https:\\\/\\\/labreva.com\\\/it\\\/wasserflugzeuge-event-hubschrauber-ausfluege\\\/\",\"name\":\"Wasserflugzeuge Event Hubschrauber Ausfl\u00fcge - LABREVA - Feriendomizile am Comer See\",\"isPartOf\":{\"@id\":\"https:\\\/\\\/labreva.com\\\/it\\\/#website\"},\"primaryImageOfPage\":{\"@id\":\"https:\\\/\\\/labreva.com\\\/it\\\/wasserflugzeuge-event-hubschrauber-ausfluege\\\/#primaryimage\"},\"image\":{\"@id\":\"https:\\\/\\\/labreva.com\\\/it\\\/wasserflugzeuge-event-hubschrauber-ausfluege\\\/#primaryimage\"},\"thumbnailUrl\":\"https:\\\/\\\/labreva.com\\\/wp-content\\\/uploads\\\/2025\\\/11\\\/mf7860156.jpg\",\"datePublished\":\"2022-07-06T09:47:03+00:00\",\"dateModified\":\"2025-12-15T10:04:56+00:00\",\"breadcrumb\":{\"@id\":\"https:\\\/\\\/labreva.com\\\/it\\\/wasserflugzeuge-event-hubschrauber-ausfluege\\\/#breadcrumb\"},\"inLanguage\":\"it-IT\",\"potentialAction\":[{\"@type\":\"ReadAction\",\"target\":[\"https:\\\/\\\/labreva.com\\\/it\\\/wasserflugzeuge-event-hubschrauber-ausfluege\\\/\"]}]},{\"@type\":\"ImageObject\",\"inLanguage\":\"it-IT\",\"@id\":\"https:\\\/\\\/labreva.com\\\/it\\\/wasserflugzeuge-event-hubschrauber-ausfluege\\\/#primaryimage\",\"url\":\"https:\\\/\\\/labreva.com\\\/wp-content\\\/uploads\\\/2025\\\/11\\\/mf7860156.jpg\",\"contentUrl\":\"https:\\\/\\\/labreva.com\\\/wp-content\\\/uploads\\\/2025\\\/11\\\/mf7860156.jpg\",\"width\":1934,\"height\":1339},{\"@type\":\"BreadcrumbList\",\"@id\":\"https:\\\/\\\/labreva.com\\\/it\\\/wasserflugzeuge-event-hubschrauber-ausfluege\\\/#breadcrumb\",\"itemListElement\":[{\"@type\":\"ListItem\",\"position\":1,\"name\":\"Startseite\",\"item\":\"https:\\\/\\\/labreva.com\\\/it\\\/\"},{\"@type\":\"ListItem\",\"position\":2,\"name\":\"Wasserflugzeuge Event Hubschrauber Ausfl\u00fcge\"}]},{\"@type\":\"WebSite\",\"@id\":\"https:\\\/\\\/labreva.com\\\/it\\\/#website\",\"url\":\"https:\\\/\\\/labreva.com\\\/it\\\/\",\"name\":\"LABREVA - Feriendomizile am Comer See\",\"description\":\"\",\"publisher\":{\"@id\":\"https:\\\/\\\/labreva.com\\\/it\\\/#organization\"},\"potentialAction\":[{\"@type\":\"SearchAction\",\"target\":{\"@type\":\"EntryPoint\",\"urlTemplate\":\"https:\\\/\\\/labreva.com\\\/it\\\/?s={search_term_string}\"},\"query-input\":{\"@type\":\"PropertyValueSpecification\",\"valueRequired\":true,\"valueName\":\"search_term_string\"}}],\"inLanguage\":\"it-IT\"},{\"@type\":\"Organization\",\"@id\":\"https:\\\/\\\/labreva.com\\\/it\\\/#organization\",\"name\":\"LABREVA - Feriendomizile am Comer See\",\"url\":\"https:\\\/\\\/labreva.com\\\/it\\\/\",\"logo\":{\"@type\":\"ImageObject\",\"inLanguage\":\"it-IT\",\"@id\":\"https:\\\/\\\/labreva.com\\\/it\\\/#\\\/schema\\\/logo\\\/image\\\/\",\"url\":\"https:\\\/\\\/labreva.com\\\/wp-content\\\/uploads\\\/2025\\\/11\\\/Labreva_Logo_RGB_5.svg\",\"contentUrl\":\"https:\\\/\\\/labreva.com\\\/wp-content\\\/uploads\\\/2025\\\/11\\\/Labreva_Logo_RGB_5.svg\",\"caption\":\"LABREVA - Feriendomizile am Comer See\"},\"image\":{\"@id\":\"https:\\\/\\\/labreva.com\\\/it\\\/#\\\/schema\\\/logo\\\/image\\\/\"}},{\"@type\":\"Person\",\"@id\":\"https:\\\/\\\/labreva.com\\\/it\\\/#\\\/schema\\\/person\\\/3d3252f644922b8a1d4e1cdcdd1c8369\",\"name\":\"admin_xrPcOR73cNm9o1lnBnzC1xiFyF\",\"image\":{\"@type\":\"ImageObject\",\"inLanguage\":\"it-IT\",\"@id\":\"https:\\\/\\\/secure.gravatar.com\\\/avatar\\\/3e9ae8c9345d557659d8111b66a89666af430d2d83ac50439fa78530db3797a6?s=96&d=mm&r=g\",\"url\":\"https:\\\/\\\/secure.gravatar.com\\\/avatar\\\/3e9ae8c9345d557659d8111b66a89666af430d2d83ac50439fa78530db3797a6?s=96&d=mm&r=g\",\"contentUrl\":\"https:\\\/\\\/secure.gravatar.com\\\/avatar\\\/3e9ae8c9345d557659d8111b66a89666af430d2d83ac50439fa78530db3797a6?s=96&d=mm&r=g\",\"caption\":\"admin_xrPcOR73cNm9o1lnBnzC1xiFyF\"},\"sameAs\":[\"https:\\\/\\\/labreva.com\"]}]}<\/script>\n<!-- \/ Yoast SEO plugin. -->","yoast_head_json":{"title":"Wasserflugzeuge Event Hubschrauber Ausfl\u00fcge - LABREVA - Feriendomizile am Comer See","robots":{"index":"index","follow":"follow","max-snippet":"max-snippet:-1","max-image-preview":"max-image-preview:large","max-video-preview":"max-video-preview:-1"},"canonical":"https:\/\/labreva.com\/it\/wasserflugzeuge-event-hubschrauber-ausfluege\/","og_locale":"it_IT","og_type":"article","og_title":"Wasserflugzeuge Event Hubschrauber Ausfl\u00fcge - LABREVA - Feriendomizile am Comer See","og_description":"Volare! Den Comer See aus der Vogelperspektive erleben. Reisen an den Comer See sind immer was Besonderes! Dabei darf es im Urlaub auch gern einmal ein bisschen mehr Luxus sein. Zum Beispiel mit einem Rundflug \u00fcber den Comer See im Wasserflugzeug...","og_url":"https:\/\/labreva.com\/it\/wasserflugzeuge-event-hubschrauber-ausfluege\/","og_site_name":"LABREVA - Feriendomizile am Comer See","article_published_time":"2022-07-06T09:47:03+00:00","article_modified_time":"2025-12-15T10:04:56+00:00","og_image":[{"width":1934,"height":1339,"url":"https:\/\/labreva.com\/wp-content\/uploads\/2025\/11\/mf7860156.jpg","type":"image\/jpeg"}],"author":"admin_xrPcOR73cNm9o1lnBnzC1xiFyF","twitter_card":"summary_large_image","twitter_misc":{"Scritto da":"admin_xrPcOR73cNm9o1lnBnzC1xiFyF","Tempo di lettura stimato":"2 minuti"},"schema":{"@context":"https:\/\/schema.org","@graph":[{"@type":"Article","@id":"https:\/\/labreva.com\/it\/wasserflugzeuge-event-hubschrauber-ausfluege\/#article","isPartOf":{"@id":"https:\/\/labreva.com\/it\/wasserflugzeuge-event-hubschrauber-ausfluege\/"},"author":{"name":"admin_xrPcOR73cNm9o1lnBnzC1xiFyF","@id":"https:\/\/labreva.com\/it\/#\/schema\/person\/3d3252f644922b8a1d4e1cdcdd1c8369"},"headline":"Wasserflugzeuge Event Hubschrauber Ausfl\u00fcge","datePublished":"2022-07-06T09:47:03+00:00","dateModified":"2025-12-15T10:04:56+00:00","mainEntityOfPage":{"@id":"https:\/\/labreva.com\/it\/wasserflugzeuge-event-hubschrauber-ausfluege\/"},"wordCount":240,"commentCount":0,"publisher":{"@id":"https:\/\/labreva.com\/it\/#organization"},"image":{"@id":"https:\/\/labreva.com\/it\/wasserflugzeuge-event-hubschrauber-ausfluege\/#primaryimage"},"thumbnailUrl":"https:\/\/labreva.com\/wp-content\/uploads\/2025\/11\/mf7860156.jpg","articleSection":["Nicht kategorisiert"],"inLanguage":"it-IT","potentialAction":[{"@type":"CommentAction","name":"Comment","target":["https:\/\/labreva.com\/it\/wasserflugzeuge-event-hubschrauber-ausfluege\/#respond"]}]},{"@type":"WebPage","@id":"https:\/\/labreva.com\/it\/wasserflugzeuge-event-hubschrauber-ausfluege\/","url":"https:\/\/labreva.com\/it\/wasserflugzeuge-event-hubschrauber-ausfluege\/","name":"Wasserflugzeuge Event Hubschrauber Ausfl\u00fcge - LABREVA - Feriendomizile am Comer See","isPartOf":{"@id":"https:\/\/labreva.com\/it\/#website"},"primaryImageOfPage":{"@id":"https:\/\/labreva.com\/it\/wasserflugzeuge-event-hubschrauber-ausfluege\/#primaryimage"},"image":{"@id":"https:\/\/labreva.com\/it\/wasserflugzeuge-event-hubschrauber-ausfluege\/#primaryimage"},"thumbnailUrl":"https:\/\/labreva.com\/wp-content\/uploads\/2025\/11\/mf7860156.jpg","datePublished":"2022-07-06T09:47:03+00:00","dateModified":"2025-12-15T10:04:56+00:00","breadcrumb":{"@id":"https:\/\/labreva.com\/it\/wasserflugzeuge-event-hubschrauber-ausfluege\/#breadcrumb"},"inLanguage":"it-IT","potentialAction":[{"@type":"ReadAction","target":["https:\/\/labreva.com\/it\/wasserflugzeuge-event-hubschrauber-ausfluege\/"]}]},{"@type":"ImageObject","inLanguage":"it-IT","@id":"https:\/\/labreva.com\/it\/wasserflugzeuge-event-hubschrauber-ausfluege\/#primaryimage","url":"https:\/\/labreva.com\/wp-content\/uploads\/2025\/11\/mf7860156.jpg","contentUrl":"https:\/\/labreva.com\/wp-content\/uploads\/2025\/11\/mf7860156.jpg","width":1934,"height":1339},{"@type":"BreadcrumbList","@id":"https:\/\/labreva.com\/it\/wasserflugzeuge-event-hubschrauber-ausfluege\/#breadcrumb","itemListElement":[{"@type":"ListItem","position":1,"name":"Startseite","item":"https:\/\/labreva.com\/it\/"},{"@type":"ListItem","position":2,"name":"Wasserflugzeuge Event Hubschrauber Ausfl\u00fcge"}]},{"@type":"WebSite","@id":"https:\/\/labreva.com\/it\/#website","url":"https:\/\/labreva.com\/it\/","name":"LABREVA - Feriendomizile am Comer See","description":"","publisher":{"@id":"https:\/\/labreva.com\/it\/#organization"},"potentialAction":[{"@type":"SearchAction","target":{"@type":"EntryPoint","urlTemplate":"https:\/\/labreva.com\/it\/?s={search_term_string}"},"query-input":{"@type":"PropertyValueSpecification","valueRequired":true,"valueName":"search_term_string"}}],"inLanguage":"it-IT"},{"@type":"Organization","@id":"https:\/\/labreva.com\/it\/#organization","name":"LABREVA - Feriendomizile am Comer See","url":"https:\/\/labreva.com\/it\/","logo":{"@type":"ImageObject","inLanguage":"it-IT","@id":"https:\/\/labreva.com\/it\/#\/schema\/logo\/image\/","url":"https:\/\/labreva.com\/wp-content\/uploads\/2025\/11\/Labreva_Logo_RGB_5.svg","contentUrl":"https:\/\/labreva.com\/wp-content\/uploads\/2025\/11\/Labreva_Logo_RGB_5.svg","caption":"LABREVA - Feriendomizile am Comer See"},"image":{"@id":"https:\/\/labreva.com\/it\/#\/schema\/logo\/image\/"}},{"@type":"Person","@id":"https:\/\/labreva.com\/it\/#\/schema\/person\/3d3252f644922b8a1d4e1cdcdd1c8369","name":"admin_xrPcOR73cNm9o1lnBnzC1xiFyF","image":{"@type":"ImageObject","inLanguage":"it-IT","@id":"https:\/\/secure.gravatar.com\/avatar\/3e9ae8c9345d557659d8111b66a89666af430d2d83ac50439fa78530db3797a6?s=96&d=mm&r=g","url":"https:\/\/secure.gravatar.com\/avatar\/3e9ae8c9345d557659d8111b66a89666af430d2d83ac50439fa78530db3797a6?s=96&d=mm&r=g","contentUrl":"https:\/\/secure.gravatar.com\/avatar\/3e9ae8c9345d557659d8111b66a89666af430d2d83ac50439fa78530db3797a6?s=96&d=mm&r=g","caption":"admin_xrPcOR73cNm9o1lnBnzC1xiFyF"},"sameAs":["https:\/\/labreva.com"]}]}},"_links":{"self":[{"href":"https:\/\/labreva.com\/it\/wp-json\/wp\/v2\/posts\/8852","targetHints":{"allow":["GET"]}}],"collection":[{"href":"https:\/\/labreva.com\/it\/wp-json\/wp\/v2\/posts"}],"about":[{"href":"https:\/\/labreva.com\/it\/wp-json\/wp\/v2\/types\/post"}],"author":[{"embeddable":true,"href":"https:\/\/labreva.com\/it\/wp-json\/wp\/v2\/users\/1"}],"replies":[{"embeddable":true,"href":"https:\/\/labreva.com\/it\/wp-json\/wp\/v2\/comments?post=8852"}],"version-history":[{"count":3,"href":"https:\/\/labreva.com\/it\/wp-json\/wp\/v2\/posts\/8852\/revisions"}],"predecessor-version":[{"id":78226,"href":"https:\/\/labreva.com\/it\/wp-json\/wp\/v2\/posts\/8852\/revisions\/78226"}],"wp:featuredmedia":[{"embeddable":true,"href":"https:\/\/labreva.com\/it\/wp-json\/wp\/v2\/media\/1763"}],"wp:attachment":[{"href":"https:\/\/labreva.com\/it\/wp-json\/wp\/v2\/media?parent=8852"}],"wp:term":[{"taxonomy":"category","embeddable":true,"href":"https:\/\/labreva.com\/it\/wp-json\/wp\/v2\/categories?post=8852"},{"taxonomy":"post_tag","embeddable":true,"href":"https:\/\/labreva.com\/it\/wp-json\/wp\/v2\/tags?post=8852"}],"curies":[{"name":"wp","href":"https:\/\/api.w.org\/{rel}","templated":true}]}}