{"id":8837,"date":"2022-06-30T12:38:31","date_gmt":"2022-06-30T10:38:31","guid":{"rendered":"https:\/\/labreva.com\/?p=886"},"modified":"2025-12-15T11:36:34","modified_gmt":"2025-12-15T10:36:34","slug":"geburtstag-feiern-am-comer-see","status":"publish","type":"post","link":"https:\/\/labreva.com\/it\/geburtstag-feiern-am-comer-see\/","title":{"rendered":"Geburtstag feiern am Comer See"},"content":{"rendered":"\t\t<div data-elementor-type=\"wp-post\" data-elementor-id=\"8837\" class=\"elementor elementor-8837\" data-elementor-post-type=\"post\">\n\t\t\t\t\t\t<section class=\"elementor-section elementor-top-section elementor-element elementor-element-468ee5b elementor-section-boxed elementor-section-height-default elementor-section-height-default\" data-id=\"468ee5b\" data-element_type=\"section\" data-e-type=\"section\">\n\t\t\t\t\t\t<div class=\"elementor-container elementor-column-gap-default\">\n\t\t\t\t\t<div class=\"elementor-column elementor-col-100 elementor-top-column elementor-element elementor-element-2c881f9\" data-id=\"2c881f9\" data-element_type=\"column\" data-e-type=\"column\">\n\t\t\t<div class=\"elementor-widget-wrap elementor-element-populated\">\n\t\t\t\t\t\t<div class=\"elementor-element elementor-element-8a20555 elementor-widget elementor-widget-text-editor\" data-id=\"8a20555\" data-element_type=\"widget\" data-e-type=\"widget\" data-widget_type=\"text-editor.default\">\n\t\t\t\t\t\t\t\t\t<div class=\"layout_full block\"><div class=\"ce_text punkt block\"><p><strong>Zum 60. Geburtstag an den ComerSee<\/strong><br \/><br \/>&#8230;und das zusammen mit 16 lieben Menschen und 2 Hunden. LABREVA machte dieses Geburtstagsgeschenk m\u00f6glich f\u00fcr Gisela Bl\u00e4ser aus dem Rheinland.<br \/><br \/>Alle Geburtstagsg\u00e4ste wohnten zusammen auf 5 Wohnungen verteilt in den benachbarten LABREVA Ferienh\u00e4usern Bellavista und Sole.<br \/><br \/>Es wurde nat\u00fcrlich ausgiebig gefeiert im Garten des Ferienhauses mit leckeren Grillspezialit\u00e4ten. Dazu gab es sogar echtes K\u00f6lsch vom Fass, direkt aus dem Rheinland mitgebracht und serviert in Original K\u00f6lsch-Stangen.<br \/><br \/>Am Geburtstag selbst stand aber noch mehr auf dem Programm:\u00a0<br \/>Eine wundersch\u00f6ne Wanderung durch das Tal des Bitto mit Start und Ziel im Veltliner Gerola Alta. Die LABREVA G\u00e4stebetreuerin Antje Egger hatte diese Tour ausgesucht und \u00fcbernahm auch gleich die F\u00fchrung der Gruppe auf der gem\u00fctlichen Wanderung durch das Gerola-Tal mit Zwischenstopp in einem kleinen Dorf mit Besichtigung des von den Einwohnern mit viel Liebe ausgestatteten Dorfmuseums.<br \/><br \/>Zur\u00fcck in Gerola Alta durften die Geburtstagsg\u00e4ste eine F\u00fchrung durch die Bitto-K\u00e4serei\u00a0erleben, wo es viel Interessantes zu erfahren und zu bestaunen gab. Zum Abschluss wurden feine Spezialit\u00e4ten serviert: hausgemachte Polenta, Wurst, K\u00e4se, Wein, Grappa, Lik\u00f6r. Nachdem das Geburtstagskind alle 60 Kerzen auf der Torte ausgeblasen hatte, wurde der gelungene Geburtstagsausflug mit einem Glas Prosecco abgerundet.<br \/><br \/>Wenn Sie Lust bekommen haben auf eine ganz individuelle Geburtstagsfeier am ComerSee im Kreise von lieben Freunden und Verwandten, freuen wir uns auf Ihre Anfrage. Unsere Beraterinnen kennen alle LABREVA Ferienh\u00e4user pers\u00f6nlich und reservieren Ihnen gerne ein Haus oder benachbarte Ferienwohnungen f\u00fcr die gesamte Geburtstagsgesellschaft.<br \/><br \/>Auch f\u00fcr ein gelungenes Rahmenprogramm haben wir jede Menge Vorschl\u00e4ge f\u00fcr Sie und helfen Ihnen auch vor Ort weiter, damit Ihr Geburtstag am ComerSee ein unvergesslich sch\u00f6nes Erlebnis f\u00fcr Sie wird.<\/p><\/div><\/div>\t\t\t\t\t\t\t\t<\/div>\n\t\t\t\t\t<\/div>\n\t\t<\/div>\n\t\t\t\t\t<\/div>\n\t\t<\/section>\n\t\t\t\t<\/div>\n\t\t","protected":false},"excerpt":{"rendered":"<p>Zum Geburtstag f\u00fcr zwei Wochen an den ComerSee, ein Ferienhaus f\u00fcr 16 G\u00e4ste und 2 Hunde, Feiern &#038; Essen im eigenen Garten und eine wundersch\u00f6ne gef\u00fchrte Wanderung&#8230; Was gibt es sch\u00f6neres als Geburtstagsgeschenk?<\/p>\n","protected":false},"author":1,"featured_media":78280,"comment_status":"open","ping_status":"open","sticky":false,"template":"","format":"standard","meta":{"_acf_changed":false,"footnotes":""},"categories":[1],"tags":[],"class_list":["post-8837","post","type-post","status-publish","format-standard","has-post-thumbnail","hentry","category-nicht-kategorisiert"],"acf":[],"yoast_head":"<!-- This site is optimized with the Yoast SEO plugin v27.3 - https:\/\/yoast.com\/product\/yoast-seo-wordpress\/ -->\n<title>Geburtstag feiern am Comer See - LABREVA - Feriendomizile am Comer See<\/title>\n<meta name=\"robots\" content=\"index, follow, max-snippet:-1, max-image-preview:large, max-video-preview:-1\" \/>\n<link rel=\"canonical\" href=\"https:\/\/labreva.com\/it\/geburtstag-feiern-am-comer-see\/\" \/>\n<meta property=\"og:locale\" content=\"it_IT\" \/>\n<meta property=\"og:type\" content=\"article\" \/>\n<meta property=\"og:title\" content=\"Geburtstag feiern am Comer See - LABREVA - Feriendomizile am Comer See\" \/>\n<meta property=\"og:description\" content=\"Zum Geburtstag f\u00fcr zwei Wochen an den ComerSee, ein Ferienhaus f\u00fcr 16 G\u00e4ste und 2 Hunde, Feiern &amp; Essen im eigenen Garten und eine wundersch\u00f6ne gef\u00fchrte Wanderung... Was gibt es sch\u00f6neres als Geburtstagsgeschenk?\" \/>\n<meta property=\"og:url\" content=\"https:\/\/labreva.com\/it\/geburtstag-feiern-am-comer-see\/\" \/>\n<meta property=\"og:site_name\" content=\"LABREVA - Feriendomizile am Comer See\" \/>\n<meta property=\"article:published_time\" content=\"2022-06-30T10:38:31+00:00\" \/>\n<meta property=\"article:modified_time\" content=\"2025-12-15T10:36:34+00:00\" \/>\n<meta property=\"og:image\" content=\"https:\/\/labreva.com\/wp-content\/uploads\/2022\/06\/geburtstag-feiern-1.jpg\" \/>\n\t<meta property=\"og:image:width\" content=\"1100\" \/>\n\t<meta property=\"og:image:height\" content=\"319\" \/>\n\t<meta property=\"og:image:type\" content=\"image\/jpeg\" \/>\n<meta name=\"author\" content=\"admin_xrPcOR73cNm9o1lnBnzC1xiFyF\" \/>\n<meta name=\"twitter:card\" content=\"summary_large_image\" \/>\n<meta name=\"twitter:label1\" content=\"Scritto da\" \/>\n\t<meta name=\"twitter:data1\" content=\"admin_xrPcOR73cNm9o1lnBnzC1xiFyF\" \/>\n\t<meta name=\"twitter:label2\" content=\"Tempo di lettura stimato\" \/>\n\t<meta name=\"twitter:data2\" content=\"2 minuti\" \/>\n<script type=\"application\/ld+json\" class=\"yoast-schema-graph\">{\"@context\":\"https:\\\/\\\/schema.org\",\"@graph\":[{\"@type\":\"Article\",\"@id\":\"https:\\\/\\\/labreva.com\\\/it\\\/geburtstag-feiern-am-comer-see\\\/#article\",\"isPartOf\":{\"@id\":\"https:\\\/\\\/labreva.com\\\/it\\\/geburtstag-feiern-am-comer-see\\\/\"},\"author\":{\"name\":\"admin_xrPcOR73cNm9o1lnBnzC1xiFyF\",\"@id\":\"https:\\\/\\\/labreva.com\\\/it\\\/#\\\/schema\\\/person\\\/3d3252f644922b8a1d4e1cdcdd1c8369\"},\"headline\":\"Geburtstag feiern am Comer See\",\"datePublished\":\"2022-06-30T10:38:31+00:00\",\"dateModified\":\"2025-12-15T10:36:34+00:00\",\"mainEntityOfPage\":{\"@id\":\"https:\\\/\\\/labreva.com\\\/it\\\/geburtstag-feiern-am-comer-see\\\/\"},\"wordCount\":300,\"commentCount\":0,\"publisher\":{\"@id\":\"https:\\\/\\\/labreva.com\\\/it\\\/#organization\"},\"image\":{\"@id\":\"https:\\\/\\\/labreva.com\\\/it\\\/geburtstag-feiern-am-comer-see\\\/#primaryimage\"},\"thumbnailUrl\":\"https:\\\/\\\/labreva.com\\\/wp-content\\\/uploads\\\/2022\\\/06\\\/geburtstag-feiern-1.jpg\",\"articleSection\":[\"Nicht kategorisiert\"],\"inLanguage\":\"it-IT\",\"potentialAction\":[{\"@type\":\"CommentAction\",\"name\":\"Comment\",\"target\":[\"https:\\\/\\\/labreva.com\\\/it\\\/geburtstag-feiern-am-comer-see\\\/#respond\"]}]},{\"@type\":\"WebPage\",\"@id\":\"https:\\\/\\\/labreva.com\\\/it\\\/geburtstag-feiern-am-comer-see\\\/\",\"url\":\"https:\\\/\\\/labreva.com\\\/it\\\/geburtstag-feiern-am-comer-see\\\/\",\"name\":\"Geburtstag feiern am Comer See - LABREVA - Feriendomizile am Comer See\",\"isPartOf\":{\"@id\":\"https:\\\/\\\/labreva.com\\\/it\\\/#website\"},\"primaryImageOfPage\":{\"@id\":\"https:\\\/\\\/labreva.com\\\/it\\\/geburtstag-feiern-am-comer-see\\\/#primaryimage\"},\"image\":{\"@id\":\"https:\\\/\\\/labreva.com\\\/it\\\/geburtstag-feiern-am-comer-see\\\/#primaryimage\"},\"thumbnailUrl\":\"https:\\\/\\\/labreva.com\\\/wp-content\\\/uploads\\\/2022\\\/06\\\/geburtstag-feiern-1.jpg\",\"datePublished\":\"2022-06-30T10:38:31+00:00\",\"dateModified\":\"2025-12-15T10:36:34+00:00\",\"breadcrumb\":{\"@id\":\"https:\\\/\\\/labreva.com\\\/it\\\/geburtstag-feiern-am-comer-see\\\/#breadcrumb\"},\"inLanguage\":\"it-IT\",\"potentialAction\":[{\"@type\":\"ReadAction\",\"target\":[\"https:\\\/\\\/labreva.com\\\/it\\\/geburtstag-feiern-am-comer-see\\\/\"]}]},{\"@type\":\"ImageObject\",\"inLanguage\":\"it-IT\",\"@id\":\"https:\\\/\\\/labreva.com\\\/it\\\/geburtstag-feiern-am-comer-see\\\/#primaryimage\",\"url\":\"https:\\\/\\\/labreva.com\\\/wp-content\\\/uploads\\\/2022\\\/06\\\/geburtstag-feiern-1.jpg\",\"contentUrl\":\"https:\\\/\\\/labreva.com\\\/wp-content\\\/uploads\\\/2022\\\/06\\\/geburtstag-feiern-1.jpg\",\"width\":1100,\"height\":319},{\"@type\":\"BreadcrumbList\",\"@id\":\"https:\\\/\\\/labreva.com\\\/it\\\/geburtstag-feiern-am-comer-see\\\/#breadcrumb\",\"itemListElement\":[{\"@type\":\"ListItem\",\"position\":1,\"name\":\"Startseite\",\"item\":\"https:\\\/\\\/labreva.com\\\/it\\\/\"},{\"@type\":\"ListItem\",\"position\":2,\"name\":\"Geburtstag feiern am Comer See\"}]},{\"@type\":\"WebSite\",\"@id\":\"https:\\\/\\\/labreva.com\\\/it\\\/#website\",\"url\":\"https:\\\/\\\/labreva.com\\\/it\\\/\",\"name\":\"LABREVA - Feriendomizile am Comer See\",\"description\":\"\",\"publisher\":{\"@id\":\"https:\\\/\\\/labreva.com\\\/it\\\/#organization\"},\"potentialAction\":[{\"@type\":\"SearchAction\",\"target\":{\"@type\":\"EntryPoint\",\"urlTemplate\":\"https:\\\/\\\/labreva.com\\\/it\\\/?s={search_term_string}\"},\"query-input\":{\"@type\":\"PropertyValueSpecification\",\"valueRequired\":true,\"valueName\":\"search_term_string\"}}],\"inLanguage\":\"it-IT\"},{\"@type\":\"Organization\",\"@id\":\"https:\\\/\\\/labreva.com\\\/it\\\/#organization\",\"name\":\"LABREVA - Feriendomizile am Comer See\",\"url\":\"https:\\\/\\\/labreva.com\\\/it\\\/\",\"logo\":{\"@type\":\"ImageObject\",\"inLanguage\":\"it-IT\",\"@id\":\"https:\\\/\\\/labreva.com\\\/it\\\/#\\\/schema\\\/logo\\\/image\\\/\",\"url\":\"https:\\\/\\\/labreva.com\\\/wp-content\\\/uploads\\\/2025\\\/11\\\/Labreva_Logo_RGB_5.svg\",\"contentUrl\":\"https:\\\/\\\/labreva.com\\\/wp-content\\\/uploads\\\/2025\\\/11\\\/Labreva_Logo_RGB_5.svg\",\"caption\":\"LABREVA - Feriendomizile am Comer See\"},\"image\":{\"@id\":\"https:\\\/\\\/labreva.com\\\/it\\\/#\\\/schema\\\/logo\\\/image\\\/\"}},{\"@type\":\"Person\",\"@id\":\"https:\\\/\\\/labreva.com\\\/it\\\/#\\\/schema\\\/person\\\/3d3252f644922b8a1d4e1cdcdd1c8369\",\"name\":\"admin_xrPcOR73cNm9o1lnBnzC1xiFyF\",\"image\":{\"@type\":\"ImageObject\",\"inLanguage\":\"it-IT\",\"@id\":\"https:\\\/\\\/secure.gravatar.com\\\/avatar\\\/3e9ae8c9345d557659d8111b66a89666af430d2d83ac50439fa78530db3797a6?s=96&d=mm&r=g\",\"url\":\"https:\\\/\\\/secure.gravatar.com\\\/avatar\\\/3e9ae8c9345d557659d8111b66a89666af430d2d83ac50439fa78530db3797a6?s=96&d=mm&r=g\",\"contentUrl\":\"https:\\\/\\\/secure.gravatar.com\\\/avatar\\\/3e9ae8c9345d557659d8111b66a89666af430d2d83ac50439fa78530db3797a6?s=96&d=mm&r=g\",\"caption\":\"admin_xrPcOR73cNm9o1lnBnzC1xiFyF\"},\"sameAs\":[\"https:\\\/\\\/labreva.com\"]}]}<\/script>\n<!-- \/ Yoast SEO plugin. -->","yoast_head_json":{"title":"Geburtstag feiern am Comer See - LABREVA - Feriendomizile am Comer See","robots":{"index":"index","follow":"follow","max-snippet":"max-snippet:-1","max-image-preview":"max-image-preview:large","max-video-preview":"max-video-preview:-1"},"canonical":"https:\/\/labreva.com\/it\/geburtstag-feiern-am-comer-see\/","og_locale":"it_IT","og_type":"article","og_title":"Geburtstag feiern am Comer See - LABREVA - Feriendomizile am Comer See","og_description":"Zum Geburtstag f\u00fcr zwei Wochen an den ComerSee, ein Ferienhaus f\u00fcr 16 G\u00e4ste und 2 Hunde, Feiern & Essen im eigenen Garten und eine wundersch\u00f6ne gef\u00fchrte Wanderung... Was gibt es sch\u00f6neres als Geburtstagsgeschenk?","og_url":"https:\/\/labreva.com\/it\/geburtstag-feiern-am-comer-see\/","og_site_name":"LABREVA - Feriendomizile am Comer See","article_published_time":"2022-06-30T10:38:31+00:00","article_modified_time":"2025-12-15T10:36:34+00:00","og_image":[{"width":1100,"height":319,"url":"https:\/\/labreva.com\/wp-content\/uploads\/2022\/06\/geburtstag-feiern-1.jpg","type":"image\/jpeg"}],"author":"admin_xrPcOR73cNm9o1lnBnzC1xiFyF","twitter_card":"summary_large_image","twitter_misc":{"Scritto da":"admin_xrPcOR73cNm9o1lnBnzC1xiFyF","Tempo di lettura stimato":"2 minuti"},"schema":{"@context":"https:\/\/schema.org","@graph":[{"@type":"Article","@id":"https:\/\/labreva.com\/it\/geburtstag-feiern-am-comer-see\/#article","isPartOf":{"@id":"https:\/\/labreva.com\/it\/geburtstag-feiern-am-comer-see\/"},"author":{"name":"admin_xrPcOR73cNm9o1lnBnzC1xiFyF","@id":"https:\/\/labreva.com\/it\/#\/schema\/person\/3d3252f644922b8a1d4e1cdcdd1c8369"},"headline":"Geburtstag feiern am Comer See","datePublished":"2022-06-30T10:38:31+00:00","dateModified":"2025-12-15T10:36:34+00:00","mainEntityOfPage":{"@id":"https:\/\/labreva.com\/it\/geburtstag-feiern-am-comer-see\/"},"wordCount":300,"commentCount":0,"publisher":{"@id":"https:\/\/labreva.com\/it\/#organization"},"image":{"@id":"https:\/\/labreva.com\/it\/geburtstag-feiern-am-comer-see\/#primaryimage"},"thumbnailUrl":"https:\/\/labreva.com\/wp-content\/uploads\/2022\/06\/geburtstag-feiern-1.jpg","articleSection":["Nicht kategorisiert"],"inLanguage":"it-IT","potentialAction":[{"@type":"CommentAction","name":"Comment","target":["https:\/\/labreva.com\/it\/geburtstag-feiern-am-comer-see\/#respond"]}]},{"@type":"WebPage","@id":"https:\/\/labreva.com\/it\/geburtstag-feiern-am-comer-see\/","url":"https:\/\/labreva.com\/it\/geburtstag-feiern-am-comer-see\/","name":"Geburtstag feiern am Comer See - LABREVA - Feriendomizile am Comer See","isPartOf":{"@id":"https:\/\/labreva.com\/it\/#website"},"primaryImageOfPage":{"@id":"https:\/\/labreva.com\/it\/geburtstag-feiern-am-comer-see\/#primaryimage"},"image":{"@id":"https:\/\/labreva.com\/it\/geburtstag-feiern-am-comer-see\/#primaryimage"},"thumbnailUrl":"https:\/\/labreva.com\/wp-content\/uploads\/2022\/06\/geburtstag-feiern-1.jpg","datePublished":"2022-06-30T10:38:31+00:00","dateModified":"2025-12-15T10:36:34+00:00","breadcrumb":{"@id":"https:\/\/labreva.com\/it\/geburtstag-feiern-am-comer-see\/#breadcrumb"},"inLanguage":"it-IT","potentialAction":[{"@type":"ReadAction","target":["https:\/\/labreva.com\/it\/geburtstag-feiern-am-comer-see\/"]}]},{"@type":"ImageObject","inLanguage":"it-IT","@id":"https:\/\/labreva.com\/it\/geburtstag-feiern-am-comer-see\/#primaryimage","url":"https:\/\/labreva.com\/wp-content\/uploads\/2022\/06\/geburtstag-feiern-1.jpg","contentUrl":"https:\/\/labreva.com\/wp-content\/uploads\/2022\/06\/geburtstag-feiern-1.jpg","width":1100,"height":319},{"@type":"BreadcrumbList","@id":"https:\/\/labreva.com\/it\/geburtstag-feiern-am-comer-see\/#breadcrumb","itemListElement":[{"@type":"ListItem","position":1,"name":"Startseite","item":"https:\/\/labreva.com\/it\/"},{"@type":"ListItem","position":2,"name":"Geburtstag feiern am Comer See"}]},{"@type":"WebSite","@id":"https:\/\/labreva.com\/it\/#website","url":"https:\/\/labreva.com\/it\/","name":"LABREVA - Feriendomizile am Comer See","description":"","publisher":{"@id":"https:\/\/labreva.com\/it\/#organization"},"potentialAction":[{"@type":"SearchAction","target":{"@type":"EntryPoint","urlTemplate":"https:\/\/labreva.com\/it\/?s={search_term_string}"},"query-input":{"@type":"PropertyValueSpecification","valueRequired":true,"valueName":"search_term_string"}}],"inLanguage":"it-IT"},{"@type":"Organization","@id":"https:\/\/labreva.com\/it\/#organization","name":"LABREVA - Feriendomizile am Comer See","url":"https:\/\/labreva.com\/it\/","logo":{"@type":"ImageObject","inLanguage":"it-IT","@id":"https:\/\/labreva.com\/it\/#\/schema\/logo\/image\/","url":"https:\/\/labreva.com\/wp-content\/uploads\/2025\/11\/Labreva_Logo_RGB_5.svg","contentUrl":"https:\/\/labreva.com\/wp-content\/uploads\/2025\/11\/Labreva_Logo_RGB_5.svg","caption":"LABREVA - Feriendomizile am Comer See"},"image":{"@id":"https:\/\/labreva.com\/it\/#\/schema\/logo\/image\/"}},{"@type":"Person","@id":"https:\/\/labreva.com\/it\/#\/schema\/person\/3d3252f644922b8a1d4e1cdcdd1c8369","name":"admin_xrPcOR73cNm9o1lnBnzC1xiFyF","image":{"@type":"ImageObject","inLanguage":"it-IT","@id":"https:\/\/secure.gravatar.com\/avatar\/3e9ae8c9345d557659d8111b66a89666af430d2d83ac50439fa78530db3797a6?s=96&d=mm&r=g","url":"https:\/\/secure.gravatar.com\/avatar\/3e9ae8c9345d557659d8111b66a89666af430d2d83ac50439fa78530db3797a6?s=96&d=mm&r=g","contentUrl":"https:\/\/secure.gravatar.com\/avatar\/3e9ae8c9345d557659d8111b66a89666af430d2d83ac50439fa78530db3797a6?s=96&d=mm&r=g","caption":"admin_xrPcOR73cNm9o1lnBnzC1xiFyF"},"sameAs":["https:\/\/labreva.com"]}]}},"_links":{"self":[{"href":"https:\/\/labreva.com\/it\/wp-json\/wp\/v2\/posts\/8837","targetHints":{"allow":["GET"]}}],"collection":[{"href":"https:\/\/labreva.com\/it\/wp-json\/wp\/v2\/posts"}],"about":[{"href":"https:\/\/labreva.com\/it\/wp-json\/wp\/v2\/types\/post"}],"author":[{"embeddable":true,"href":"https:\/\/labreva.com\/it\/wp-json\/wp\/v2\/users\/1"}],"replies":[{"embeddable":true,"href":"https:\/\/labreva.com\/it\/wp-json\/wp\/v2\/comments?post=8837"}],"version-history":[{"count":4,"href":"https:\/\/labreva.com\/it\/wp-json\/wp\/v2\/posts\/8837\/revisions"}],"predecessor-version":[{"id":78284,"href":"https:\/\/labreva.com\/it\/wp-json\/wp\/v2\/posts\/8837\/revisions\/78284"}],"wp:featuredmedia":[{"embeddable":true,"href":"https:\/\/labreva.com\/it\/wp-json\/wp\/v2\/media\/78280"}],"wp:attachment":[{"href":"https:\/\/labreva.com\/it\/wp-json\/wp\/v2\/media?parent=8837"}],"wp:term":[{"taxonomy":"category","embeddable":true,"href":"https:\/\/labreva.com\/it\/wp-json\/wp\/v2\/categories?post=8837"},{"taxonomy":"post_tag","embeddable":true,"href":"https:\/\/labreva.com\/it\/wp-json\/wp\/v2\/tags?post=8837"}],"curies":[{"name":"wp","href":"https:\/\/api.w.org\/{rel}","templated":true}]}}