{"id":8874,"date":"2022-07-09T16:57:01","date_gmt":"2022-07-09T14:57:01","guid":{"rendered":"https:\/\/labreva.com\/?p=2177"},"modified":"2025-12-15T09:17:13","modified_gmt":"2025-12-15T08:17:13","slug":"palio-del-baradello-mittelalterfest-como","status":"publish","type":"post","link":"https:\/\/labreva.com\/en\/palio-del-baradello-mittelalterfest-como\/","title":{"rendered":"&#8220;Palio del Baradello&#8221; Mittelalterfest, Como"},"content":{"rendered":"\t\t<div data-elementor-type=\"wp-post\" data-elementor-id=\"8874\" class=\"elementor elementor-8874\" data-elementor-post-type=\"post\">\n\t\t\t\t\t\t<section class=\"elementor-section elementor-top-section elementor-element elementor-element-149bc7d4 elementor-section-boxed elementor-section-height-default elementor-section-height-default\" data-id=\"149bc7d4\" data-element_type=\"section\" data-e-type=\"section\">\n\t\t\t\t\t\t<div class=\"elementor-container elementor-column-gap-default\">\n\t\t\t\t\t<div class=\"elementor-column elementor-col-100 elementor-top-column elementor-element elementor-element-50e1a975\" data-id=\"50e1a975\" data-element_type=\"column\" data-e-type=\"column\">\n\t\t\t<div class=\"elementor-widget-wrap elementor-element-populated\">\n\t\t\t\t\t\t<div class=\"elementor-element elementor-element-68d45d4a elementor-widget elementor-widget-text-editor\" data-id=\"68d45d4a\" data-element_type=\"widget\" data-e-type=\"widget\" data-widget_type=\"text-editor.default\">\n\t\t\t\t\t\t\t\t\t\n<p><a href=\"https:\/\/labreva.com\/files\/images\/blog\/Palio%20baradello%20.png\"><\/a><\/p>\n\t\t\t\t\t\t\t\t<\/div>\n\t\t\t\t\t<\/div>\n\t\t<\/div>\n\t\t\t\t\t<\/div>\n\t\t<\/section>\n\t\t\t\t<section class=\"elementor-section elementor-top-section elementor-element elementor-element-4fd26c7 elementor-section-boxed elementor-section-height-default elementor-section-height-default\" data-id=\"4fd26c7\" data-element_type=\"section\" data-e-type=\"section\">\n\t\t\t\t\t\t<div class=\"elementor-container elementor-column-gap-default\">\n\t\t\t\t\t<div class=\"elementor-column elementor-col-100 elementor-top-column elementor-element elementor-element-6b62211\" data-id=\"6b62211\" data-element_type=\"column\" data-e-type=\"column\">\n\t\t\t<div class=\"elementor-widget-wrap elementor-element-populated\">\n\t\t\t\t\t\t<div class=\"elementor-element elementor-element-34f61a2 elementor-widget elementor-widget-heading\" data-id=\"34f61a2\" data-element_type=\"widget\" data-e-type=\"widget\" data-widget_type=\"heading.default\">\n\t\t\t\t\t<h2 class=\"elementor-heading-title elementor-size-default\">\"Palio del Baradello\" Mittelalterfest, Como<\/h2>\t\t\t\t<\/div>\n\t\t\t\t\t<\/div>\n\t\t<\/div>\n\t\t\t\t\t<\/div>\n\t\t<\/section>\n\t\t\t\t<section class=\"elementor-section elementor-top-section elementor-element elementor-element-133a764 elementor-section-boxed elementor-section-height-default elementor-section-height-default\" data-id=\"133a764\" data-element_type=\"section\" data-e-type=\"section\">\n\t\t\t\t\t\t<div class=\"elementor-container elementor-column-gap-default\">\n\t\t\t\t\t<div class=\"elementor-column elementor-col-100 elementor-top-column elementor-element elementor-element-4de53eb\" data-id=\"4de53eb\" data-element_type=\"column\" data-e-type=\"column\">\n\t\t\t<div class=\"elementor-widget-wrap elementor-element-populated\">\n\t\t\t\t\t\t<div class=\"elementor-element elementor-element-dcb1e70 elementor-widget elementor-widget-text-editor\" data-id=\"dcb1e70\" data-element_type=\"widget\" data-e-type=\"widget\" data-widget_type=\"text-editor.default\">\n\t\t\t\t\t\t\t\t\t<div class=\"layout_full block\">\n<div class=\"ce_text punkt block\">\n<p>Man muss kein Geschichtsliebhaber sein, um sich vom mittelalterlichen Ereignis in Como, dem sogenannten &#8220;<strong>Palio del Baradello<\/strong>&#8220;, verzaubern zu lassen, einem historischen Fest, das seit seiner ersten Ausgabe im Jahr 1981 Emotionen weckt.<\/p>\n<p>Lass dich bei Umz\u00fcgen mit Soldaten, Bauern und Handwerken in historischen Gew\u00e4ndern in die mittelalterliche Welt von Kaiser Friedrich I \u201cBarbarossa\u201d vom Schwaben entf\u00fchren. Wettkampfteilnehmer messen sich in drei hart umk\u00e4mpften und spektakul\u00e4ren Disziplinen:<\/p>\n<ul>\n<li>\u201cla giostra\u201c (Ritterturnier)<\/li>\n<li>\u201cla cariolana \u201c(Rennen mit Tandem-Holzkarren)<\/li>\n<li>\u201cil tiro alla fune\u201d (Tauziehen)\u00a0<span class=\"Apple-converted-space\">\u00a0<\/span><\/li>\n<\/ul>\n<p>Weitere Informationen auf\u00a0<a href=\"http:\/\/www.paliodelbaradello.it\/\" target=\"_blank\" rel=\"noopener\">www.paliodelbaradello.it<\/a><\/p>\n<\/div>\n<\/div>\t\t\t\t\t\t\t\t<\/div>\n\t\t\t\t\t<\/div>\n\t\t<\/div>\n\t\t\t\t\t<\/div>\n\t\t<\/section>\n\t\t\t\t<\/div>\n\t\t","protected":false},"excerpt":{"rendered":"<p>Ende August und Anfang September findet in Como Stadt eine spektakul\u00e4rste Mittelalterfest statt &#8230;<\/p>\n","protected":false},"author":1,"featured_media":78058,"comment_status":"open","ping_status":"open","sticky":false,"template":"","format":"standard","meta":{"_acf_changed":false,"footnotes":""},"categories":[1],"tags":[],"class_list":["post-8874","post","type-post","status-publish","format-standard","has-post-thumbnail","hentry","category-nicht-kategorisiert"],"acf":[],"yoast_head":"<!-- This site is optimized with the Yoast SEO plugin v27.3 - https:\/\/yoast.com\/product\/yoast-seo-wordpress\/ -->\n<title>&quot;Palio del Baradello&quot; Mittelalterfest, Como - LABREVA - Feriendomizile am Comer See<\/title>\n<meta name=\"robots\" content=\"index, follow, max-snippet:-1, max-image-preview:large, max-video-preview:-1\" \/>\n<link rel=\"canonical\" href=\"https:\/\/labreva.com\/en\/palio-del-baradello-mittelalterfest-como\/\" \/>\n<meta property=\"og:locale\" content=\"en_US\" \/>\n<meta property=\"og:type\" content=\"article\" \/>\n<meta property=\"og:title\" content=\"&quot;Palio del Baradello&quot; Mittelalterfest, Como - LABREVA - Feriendomizile am Comer See\" \/>\n<meta property=\"og:description\" content=\"Ende August und Anfang September findet in Como Stadt eine spektakul\u00e4rste Mittelalterfest statt ...\" \/>\n<meta property=\"og:url\" content=\"https:\/\/labreva.com\/en\/palio-del-baradello-mittelalterfest-como\/\" \/>\n<meta property=\"og:site_name\" content=\"LABREVA - Feriendomizile am Comer See\" \/>\n<meta property=\"article:published_time\" content=\"2022-07-09T14:57:01+00:00\" \/>\n<meta property=\"article:modified_time\" content=\"2025-12-15T08:17:13+00:00\" \/>\n<meta property=\"og:image\" content=\"https:\/\/labreva.com\/wp-content\/uploads\/2022\/07\/Palio-baradello-.jpg\" \/>\n\t<meta property=\"og:image:width\" content=\"800\" \/>\n\t<meta property=\"og:image:height\" content=\"600\" \/>\n\t<meta property=\"og:image:type\" content=\"image\/jpeg\" \/>\n<meta name=\"author\" content=\"admin_xrPcOR73cNm9o1lnBnzC1xiFyF\" \/>\n<meta name=\"twitter:card\" content=\"summary_large_image\" \/>\n<meta name=\"twitter:label1\" content=\"Written by\" \/>\n\t<meta name=\"twitter:data1\" content=\"admin_xrPcOR73cNm9o1lnBnzC1xiFyF\" \/>\n\t<meta name=\"twitter:label2\" content=\"Est. reading time\" \/>\n\t<meta name=\"twitter:data2\" content=\"1 minute\" \/>\n<script type=\"application\/ld+json\" class=\"yoast-schema-graph\">{\"@context\":\"https:\\\/\\\/schema.org\",\"@graph\":[{\"@type\":\"Article\",\"@id\":\"https:\\\/\\\/labreva.com\\\/en\\\/palio-del-baradello-mittelalterfest-como\\\/#article\",\"isPartOf\":{\"@id\":\"https:\\\/\\\/labreva.com\\\/en\\\/palio-del-baradello-mittelalterfest-como\\\/\"},\"author\":{\"name\":\"admin_xrPcOR73cNm9o1lnBnzC1xiFyF\",\"@id\":\"https:\\\/\\\/labreva.com\\\/en\\\/#\\\/schema\\\/person\\\/3d3252f644922b8a1d4e1cdcdd1c8369\"},\"headline\":\"&#8220;Palio del Baradello&#8221; Mittelalterfest, Como\",\"datePublished\":\"2022-07-09T14:57:01+00:00\",\"dateModified\":\"2025-12-15T08:17:13+00:00\",\"mainEntityOfPage\":{\"@id\":\"https:\\\/\\\/labreva.com\\\/en\\\/palio-del-baradello-mittelalterfest-como\\\/\"},\"wordCount\":100,\"commentCount\":0,\"publisher\":{\"@id\":\"https:\\\/\\\/labreva.com\\\/en\\\/#organization\"},\"image\":{\"@id\":\"https:\\\/\\\/labreva.com\\\/en\\\/palio-del-baradello-mittelalterfest-como\\\/#primaryimage\"},\"thumbnailUrl\":\"https:\\\/\\\/labreva.com\\\/wp-content\\\/uploads\\\/2022\\\/07\\\/Palio-baradello-.jpg\",\"articleSection\":[\"Nicht kategorisiert\"],\"inLanguage\":\"en-US\",\"potentialAction\":[{\"@type\":\"CommentAction\",\"name\":\"Comment\",\"target\":[\"https:\\\/\\\/labreva.com\\\/en\\\/palio-del-baradello-mittelalterfest-como\\\/#respond\"]}]},{\"@type\":\"WebPage\",\"@id\":\"https:\\\/\\\/labreva.com\\\/en\\\/palio-del-baradello-mittelalterfest-como\\\/\",\"url\":\"https:\\\/\\\/labreva.com\\\/en\\\/palio-del-baradello-mittelalterfest-como\\\/\",\"name\":\"\\\"Palio del Baradello\\\" Mittelalterfest, Como - LABREVA - Feriendomizile am Comer See\",\"isPartOf\":{\"@id\":\"https:\\\/\\\/labreva.com\\\/en\\\/#website\"},\"primaryImageOfPage\":{\"@id\":\"https:\\\/\\\/labreva.com\\\/en\\\/palio-del-baradello-mittelalterfest-como\\\/#primaryimage\"},\"image\":{\"@id\":\"https:\\\/\\\/labreva.com\\\/en\\\/palio-del-baradello-mittelalterfest-como\\\/#primaryimage\"},\"thumbnailUrl\":\"https:\\\/\\\/labreva.com\\\/wp-content\\\/uploads\\\/2022\\\/07\\\/Palio-baradello-.jpg\",\"datePublished\":\"2022-07-09T14:57:01+00:00\",\"dateModified\":\"2025-12-15T08:17:13+00:00\",\"breadcrumb\":{\"@id\":\"https:\\\/\\\/labreva.com\\\/en\\\/palio-del-baradello-mittelalterfest-como\\\/#breadcrumb\"},\"inLanguage\":\"en-US\",\"potentialAction\":[{\"@type\":\"ReadAction\",\"target\":[\"https:\\\/\\\/labreva.com\\\/en\\\/palio-del-baradello-mittelalterfest-como\\\/\"]}]},{\"@type\":\"ImageObject\",\"inLanguage\":\"en-US\",\"@id\":\"https:\\\/\\\/labreva.com\\\/en\\\/palio-del-baradello-mittelalterfest-como\\\/#primaryimage\",\"url\":\"https:\\\/\\\/labreva.com\\\/wp-content\\\/uploads\\\/2022\\\/07\\\/Palio-baradello-.jpg\",\"contentUrl\":\"https:\\\/\\\/labreva.com\\\/wp-content\\\/uploads\\\/2022\\\/07\\\/Palio-baradello-.jpg\",\"width\":800,\"height\":600},{\"@type\":\"BreadcrumbList\",\"@id\":\"https:\\\/\\\/labreva.com\\\/en\\\/palio-del-baradello-mittelalterfest-como\\\/#breadcrumb\",\"itemListElement\":[{\"@type\":\"ListItem\",\"position\":1,\"name\":\"Startseite\",\"item\":\"https:\\\/\\\/labreva.com\\\/en\\\/\"},{\"@type\":\"ListItem\",\"position\":2,\"name\":\"&#8222;Palio del Baradello&#8220; Mittelalterfest, Como\"}]},{\"@type\":\"WebSite\",\"@id\":\"https:\\\/\\\/labreva.com\\\/en\\\/#website\",\"url\":\"https:\\\/\\\/labreva.com\\\/en\\\/\",\"name\":\"LABREVA - Feriendomizile am Comer See\",\"description\":\"\",\"publisher\":{\"@id\":\"https:\\\/\\\/labreva.com\\\/en\\\/#organization\"},\"potentialAction\":[{\"@type\":\"SearchAction\",\"target\":{\"@type\":\"EntryPoint\",\"urlTemplate\":\"https:\\\/\\\/labreva.com\\\/en\\\/?s={search_term_string}\"},\"query-input\":{\"@type\":\"PropertyValueSpecification\",\"valueRequired\":true,\"valueName\":\"search_term_string\"}}],\"inLanguage\":\"en-US\"},{\"@type\":\"Organization\",\"@id\":\"https:\\\/\\\/labreva.com\\\/en\\\/#organization\",\"name\":\"LABREVA - Feriendomizile am Comer See\",\"url\":\"https:\\\/\\\/labreva.com\\\/en\\\/\",\"logo\":{\"@type\":\"ImageObject\",\"inLanguage\":\"en-US\",\"@id\":\"https:\\\/\\\/labreva.com\\\/en\\\/#\\\/schema\\\/logo\\\/image\\\/\",\"url\":\"https:\\\/\\\/labreva.com\\\/wp-content\\\/uploads\\\/2025\\\/11\\\/Labreva_Logo_RGB_5.svg\",\"contentUrl\":\"https:\\\/\\\/labreva.com\\\/wp-content\\\/uploads\\\/2025\\\/11\\\/Labreva_Logo_RGB_5.svg\",\"caption\":\"LABREVA - Feriendomizile am Comer See\"},\"image\":{\"@id\":\"https:\\\/\\\/labreva.com\\\/en\\\/#\\\/schema\\\/logo\\\/image\\\/\"}},{\"@type\":\"Person\",\"@id\":\"https:\\\/\\\/labreva.com\\\/en\\\/#\\\/schema\\\/person\\\/3d3252f644922b8a1d4e1cdcdd1c8369\",\"name\":\"admin_xrPcOR73cNm9o1lnBnzC1xiFyF\",\"image\":{\"@type\":\"ImageObject\",\"inLanguage\":\"en-US\",\"@id\":\"https:\\\/\\\/secure.gravatar.com\\\/avatar\\\/3e9ae8c9345d557659d8111b66a89666af430d2d83ac50439fa78530db3797a6?s=96&d=mm&r=g\",\"url\":\"https:\\\/\\\/secure.gravatar.com\\\/avatar\\\/3e9ae8c9345d557659d8111b66a89666af430d2d83ac50439fa78530db3797a6?s=96&d=mm&r=g\",\"contentUrl\":\"https:\\\/\\\/secure.gravatar.com\\\/avatar\\\/3e9ae8c9345d557659d8111b66a89666af430d2d83ac50439fa78530db3797a6?s=96&d=mm&r=g\",\"caption\":\"admin_xrPcOR73cNm9o1lnBnzC1xiFyF\"},\"sameAs\":[\"https:\\\/\\\/labreva.com\"]}]}<\/script>\n<!-- \/ Yoast SEO plugin. -->","yoast_head_json":{"title":"\"Palio del Baradello\" Mittelalterfest, Como - LABREVA - Feriendomizile am Comer See","robots":{"index":"index","follow":"follow","max-snippet":"max-snippet:-1","max-image-preview":"max-image-preview:large","max-video-preview":"max-video-preview:-1"},"canonical":"https:\/\/labreva.com\/en\/palio-del-baradello-mittelalterfest-como\/","og_locale":"en_US","og_type":"article","og_title":"\"Palio del Baradello\" Mittelalterfest, Como - LABREVA - Feriendomizile am Comer See","og_description":"Ende August und Anfang September findet in Como Stadt eine spektakul\u00e4rste Mittelalterfest statt ...","og_url":"https:\/\/labreva.com\/en\/palio-del-baradello-mittelalterfest-como\/","og_site_name":"LABREVA - Feriendomizile am Comer See","article_published_time":"2022-07-09T14:57:01+00:00","article_modified_time":"2025-12-15T08:17:13+00:00","og_image":[{"width":800,"height":600,"url":"https:\/\/labreva.com\/wp-content\/uploads\/2022\/07\/Palio-baradello-.jpg","type":"image\/jpeg"}],"author":"admin_xrPcOR73cNm9o1lnBnzC1xiFyF","twitter_card":"summary_large_image","twitter_misc":{"Written by":"admin_xrPcOR73cNm9o1lnBnzC1xiFyF","Est. reading time":"1 minute"},"schema":{"@context":"https:\/\/schema.org","@graph":[{"@type":"Article","@id":"https:\/\/labreva.com\/en\/palio-del-baradello-mittelalterfest-como\/#article","isPartOf":{"@id":"https:\/\/labreva.com\/en\/palio-del-baradello-mittelalterfest-como\/"},"author":{"name":"admin_xrPcOR73cNm9o1lnBnzC1xiFyF","@id":"https:\/\/labreva.com\/en\/#\/schema\/person\/3d3252f644922b8a1d4e1cdcdd1c8369"},"headline":"&#8220;Palio del Baradello&#8221; Mittelalterfest, Como","datePublished":"2022-07-09T14:57:01+00:00","dateModified":"2025-12-15T08:17:13+00:00","mainEntityOfPage":{"@id":"https:\/\/labreva.com\/en\/palio-del-baradello-mittelalterfest-como\/"},"wordCount":100,"commentCount":0,"publisher":{"@id":"https:\/\/labreva.com\/en\/#organization"},"image":{"@id":"https:\/\/labreva.com\/en\/palio-del-baradello-mittelalterfest-como\/#primaryimage"},"thumbnailUrl":"https:\/\/labreva.com\/wp-content\/uploads\/2022\/07\/Palio-baradello-.jpg","articleSection":["Nicht kategorisiert"],"inLanguage":"en-US","potentialAction":[{"@type":"CommentAction","name":"Comment","target":["https:\/\/labreva.com\/en\/palio-del-baradello-mittelalterfest-como\/#respond"]}]},{"@type":"WebPage","@id":"https:\/\/labreva.com\/en\/palio-del-baradello-mittelalterfest-como\/","url":"https:\/\/labreva.com\/en\/palio-del-baradello-mittelalterfest-como\/","name":"\"Palio del Baradello\" Mittelalterfest, Como - LABREVA - Feriendomizile am Comer See","isPartOf":{"@id":"https:\/\/labreva.com\/en\/#website"},"primaryImageOfPage":{"@id":"https:\/\/labreva.com\/en\/palio-del-baradello-mittelalterfest-como\/#primaryimage"},"image":{"@id":"https:\/\/labreva.com\/en\/palio-del-baradello-mittelalterfest-como\/#primaryimage"},"thumbnailUrl":"https:\/\/labreva.com\/wp-content\/uploads\/2022\/07\/Palio-baradello-.jpg","datePublished":"2022-07-09T14:57:01+00:00","dateModified":"2025-12-15T08:17:13+00:00","breadcrumb":{"@id":"https:\/\/labreva.com\/en\/palio-del-baradello-mittelalterfest-como\/#breadcrumb"},"inLanguage":"en-US","potentialAction":[{"@type":"ReadAction","target":["https:\/\/labreva.com\/en\/palio-del-baradello-mittelalterfest-como\/"]}]},{"@type":"ImageObject","inLanguage":"en-US","@id":"https:\/\/labreva.com\/en\/palio-del-baradello-mittelalterfest-como\/#primaryimage","url":"https:\/\/labreva.com\/wp-content\/uploads\/2022\/07\/Palio-baradello-.jpg","contentUrl":"https:\/\/labreva.com\/wp-content\/uploads\/2022\/07\/Palio-baradello-.jpg","width":800,"height":600},{"@type":"BreadcrumbList","@id":"https:\/\/labreva.com\/en\/palio-del-baradello-mittelalterfest-como\/#breadcrumb","itemListElement":[{"@type":"ListItem","position":1,"name":"Startseite","item":"https:\/\/labreva.com\/en\/"},{"@type":"ListItem","position":2,"name":"&#8222;Palio del Baradello&#8220; Mittelalterfest, Como"}]},{"@type":"WebSite","@id":"https:\/\/labreva.com\/en\/#website","url":"https:\/\/labreva.com\/en\/","name":"LABREVA - Feriendomizile am Comer See","description":"","publisher":{"@id":"https:\/\/labreva.com\/en\/#organization"},"potentialAction":[{"@type":"SearchAction","target":{"@type":"EntryPoint","urlTemplate":"https:\/\/labreva.com\/en\/?s={search_term_string}"},"query-input":{"@type":"PropertyValueSpecification","valueRequired":true,"valueName":"search_term_string"}}],"inLanguage":"en-US"},{"@type":"Organization","@id":"https:\/\/labreva.com\/en\/#organization","name":"LABREVA - Feriendomizile am Comer See","url":"https:\/\/labreva.com\/en\/","logo":{"@type":"ImageObject","inLanguage":"en-US","@id":"https:\/\/labreva.com\/en\/#\/schema\/logo\/image\/","url":"https:\/\/labreva.com\/wp-content\/uploads\/2025\/11\/Labreva_Logo_RGB_5.svg","contentUrl":"https:\/\/labreva.com\/wp-content\/uploads\/2025\/11\/Labreva_Logo_RGB_5.svg","caption":"LABREVA - Feriendomizile am Comer See"},"image":{"@id":"https:\/\/labreva.com\/en\/#\/schema\/logo\/image\/"}},{"@type":"Person","@id":"https:\/\/labreva.com\/en\/#\/schema\/person\/3d3252f644922b8a1d4e1cdcdd1c8369","name":"admin_xrPcOR73cNm9o1lnBnzC1xiFyF","image":{"@type":"ImageObject","inLanguage":"en-US","@id":"https:\/\/secure.gravatar.com\/avatar\/3e9ae8c9345d557659d8111b66a89666af430d2d83ac50439fa78530db3797a6?s=96&d=mm&r=g","url":"https:\/\/secure.gravatar.com\/avatar\/3e9ae8c9345d557659d8111b66a89666af430d2d83ac50439fa78530db3797a6?s=96&d=mm&r=g","contentUrl":"https:\/\/secure.gravatar.com\/avatar\/3e9ae8c9345d557659d8111b66a89666af430d2d83ac50439fa78530db3797a6?s=96&d=mm&r=g","caption":"admin_xrPcOR73cNm9o1lnBnzC1xiFyF"},"sameAs":["https:\/\/labreva.com"]}]}},"_links":{"self":[{"href":"https:\/\/labreva.com\/en\/wp-json\/wp\/v2\/posts\/8874","targetHints":{"allow":["GET"]}}],"collection":[{"href":"https:\/\/labreva.com\/en\/wp-json\/wp\/v2\/posts"}],"about":[{"href":"https:\/\/labreva.com\/en\/wp-json\/wp\/v2\/types\/post"}],"author":[{"embeddable":true,"href":"https:\/\/labreva.com\/en\/wp-json\/wp\/v2\/users\/1"}],"replies":[{"embeddable":true,"href":"https:\/\/labreva.com\/en\/wp-json\/wp\/v2\/comments?post=8874"}],"version-history":[{"count":3,"href":"https:\/\/labreva.com\/en\/wp-json\/wp\/v2\/posts\/8874\/revisions"}],"predecessor-version":[{"id":78057,"href":"https:\/\/labreva.com\/en\/wp-json\/wp\/v2\/posts\/8874\/revisions\/78057"}],"wp:featuredmedia":[{"embeddable":true,"href":"https:\/\/labreva.com\/en\/wp-json\/wp\/v2\/media\/78058"}],"wp:attachment":[{"href":"https:\/\/labreva.com\/en\/wp-json\/wp\/v2\/media?parent=8874"}],"wp:term":[{"taxonomy":"category","embeddable":true,"href":"https:\/\/labreva.com\/en\/wp-json\/wp\/v2\/categories?post=8874"},{"taxonomy":"post_tag","embeddable":true,"href":"https:\/\/labreva.com\/en\/wp-json\/wp\/v2\/tags?post=8874"}],"curies":[{"name":"wp","href":"https:\/\/api.w.org\/{rel}","templated":true}]}}