{"id":8846,"date":"2022-06-30T17:15:24","date_gmt":"2022-06-30T15:15:24","guid":{"rendered":"https:\/\/labreva.com\/?p=1124"},"modified":"2025-12-15T11:19:56","modified_gmt":"2025-12-15T10:19:56","slug":"tauchen-am-comer-see","status":"publish","type":"post","link":"https:\/\/labreva.com\/en\/tauchen-am-comer-see\/","title":{"rendered":"Tauchen am Comer See"},"content":{"rendered":"\t\t<div data-elementor-type=\"wp-post\" data-elementor-id=\"8846\" class=\"elementor elementor-8846\" data-elementor-post-type=\"post\">\n\t\t\t\t\t\t<section class=\"elementor-section elementor-top-section elementor-element elementor-element-8684d70 elementor-section-boxed elementor-section-height-default elementor-section-height-default\" data-id=\"8684d70\" data-element_type=\"section\" data-e-type=\"section\">\n\t\t\t\t\t\t<div class=\"elementor-container elementor-column-gap-default\">\n\t\t\t\t\t<div class=\"elementor-column elementor-col-100 elementor-top-column elementor-element elementor-element-6de8abe\" data-id=\"6de8abe\" data-element_type=\"column\" data-e-type=\"column\">\n\t\t\t<div class=\"elementor-widget-wrap elementor-element-populated\">\n\t\t\t\t\t\t<div class=\"elementor-element elementor-element-75fb153 elementor-widget elementor-widget-heading\" data-id=\"75fb153\" data-element_type=\"widget\" data-e-type=\"widget\" data-widget_type=\"heading.default\">\n\t\t\t\t\t<h2 class=\"elementor-heading-title elementor-size-default\">Tauchen am Comer See<\/h2>\t\t\t\t<\/div>\n\t\t\t\t\t<\/div>\n\t\t<\/div>\n\t\t\t\t\t<\/div>\n\t\t<\/section>\n\t\t\t\t<section class=\"elementor-section elementor-top-section elementor-element elementor-element-d7f90d1 elementor-section-boxed elementor-section-height-default elementor-section-height-default\" data-id=\"d7f90d1\" data-element_type=\"section\" data-e-type=\"section\">\n\t\t\t\t\t\t<div class=\"elementor-container elementor-column-gap-default\">\n\t\t\t\t\t<div class=\"elementor-column elementor-col-100 elementor-top-column elementor-element elementor-element-dfc36a4\" data-id=\"dfc36a4\" data-element_type=\"column\" data-e-type=\"column\">\n\t\t\t<div class=\"elementor-widget-wrap elementor-element-populated\">\n\t\t\t\t\t\t<div class=\"elementor-element elementor-element-e5a27fd elementor-widget elementor-widget-text-editor\" data-id=\"e5a27fd\" data-element_type=\"widget\" data-e-type=\"widget\" data-widget_type=\"text-editor.default\">\n\t\t\t\t\t\t\t\t\t<p>Entdecken Sie den Spa\u00df am Tauchen am Comer See. Eine rennomierte Tauchschule und einige interessante Tauchpl\u00e4tze im Comer See bieten Ihnen alles f\u00fcr Ihren Tauchurlaub am Comer See.<\/p>\t\t\t\t\t\t\t\t<\/div>\n\t\t\t\t\t<\/div>\n\t\t<\/div>\n\t\t\t\t\t<\/div>\n\t\t<\/section>\n\t\t\t\t<section class=\"elementor-section elementor-top-section elementor-element elementor-element-bc13515 elementor-section-boxed elementor-section-height-default elementor-section-height-default\" data-id=\"bc13515\" data-element_type=\"section\" data-e-type=\"section\">\n\t\t\t\t\t\t<div class=\"elementor-container elementor-column-gap-default\">\n\t\t\t\t\t<div class=\"elementor-column elementor-col-100 elementor-top-column elementor-element elementor-element-21aba2d\" data-id=\"21aba2d\" data-element_type=\"column\" data-e-type=\"column\">\n\t\t\t<div class=\"elementor-widget-wrap elementor-element-populated\">\n\t\t\t\t\t\t<div class=\"elementor-element elementor-element-78dfefc elementor-widget elementor-widget-heading\" data-id=\"78dfefc\" data-element_type=\"widget\" data-e-type=\"widget\" data-widget_type=\"heading.default\">\n\t\t\t\t\t<h4 class=\"elementor-heading-title elementor-size-default\">Tauchschulen am Comer See<\/h4>\t\t\t\t<\/div>\n\t\t\t\t\t<\/div>\n\t\t<\/div>\n\t\t\t\t\t<\/div>\n\t\t<\/section>\n\t\t\t\t<section class=\"elementor-section elementor-top-section elementor-element elementor-element-e023a80 elementor-section-boxed elementor-section-height-default elementor-section-height-default\" data-id=\"e023a80\" data-element_type=\"section\" data-e-type=\"section\">\n\t\t\t\t\t\t<div class=\"elementor-container elementor-column-gap-default\">\n\t\t\t\t\t<div class=\"elementor-column elementor-col-100 elementor-top-column elementor-element elementor-element-4d20326\" data-id=\"4d20326\" data-element_type=\"column\" data-e-type=\"column\">\n\t\t\t<div class=\"elementor-widget-wrap elementor-element-populated\">\n\t\t\t\t\t\t<div class=\"elementor-element elementor-element-3b01652 elementor-widget elementor-widget-text-editor\" data-id=\"3b01652\" data-element_type=\"widget\" data-e-type=\"widget\" data-widget_type=\"text-editor.default\">\n\t\t\t\t\t\t\t\t\t<p><img decoding=\"async\" class=\"size-full wp-image-1126 alignleft\" src=\"https:\/\/labreva.com\/wp-content\/uploads\/2022\/06\/tauchen-1.jpg\" alt=\"\" width=\"270\" height=\"180\" \/>Die\u00a0<strong>Tauchschule Sub Larino<\/strong>\u00a0befindet sich in\u00a0<strong>Tremezzo<\/strong>\u00a0an der Uferpromenade gleich neben dem Grand Hotel und dem Ristorante Azalea.\u00a0 Hier wird nur italienisch und englisch gesprochen.<br \/>Falls geschlossen sein sollte, fragen Sie im Schmuckladen rechts nebenan nach (Dort finden Sie oft Hilfe f\u00fcr \u00dcbersetzungen ins Deutsche).<br \/>In<strong>\u00a0Lecco und Mandello de Lario<\/strong>\u00a0gibt es noch jeweils eine weitere Tauchschule.<\/p>\t\t\t\t\t\t\t\t<\/div>\n\t\t\t\t\t<\/div>\n\t\t<\/div>\n\t\t\t\t\t<\/div>\n\t\t<\/section>\n\t\t\t\t<section class=\"elementor-section elementor-top-section elementor-element elementor-element-2eb84ea elementor-section-boxed elementor-section-height-default elementor-section-height-default\" data-id=\"2eb84ea\" data-element_type=\"section\" data-e-type=\"section\">\n\t\t\t\t\t\t<div class=\"elementor-container elementor-column-gap-default\">\n\t\t\t\t\t<div class=\"elementor-column elementor-col-100 elementor-top-column elementor-element elementor-element-f7d6a22\" data-id=\"f7d6a22\" data-element_type=\"column\" data-e-type=\"column\">\n\t\t\t<div class=\"elementor-widget-wrap elementor-element-populated\">\n\t\t\t\t\t\t<div class=\"elementor-element elementor-element-d9926e0 elementor-widget elementor-widget-heading\" data-id=\"d9926e0\" data-element_type=\"widget\" data-e-type=\"widget\" data-widget_type=\"heading.default\">\n\t\t\t\t\t<h4 class=\"elementor-heading-title elementor-size-default\">Tauchpl\u00e4tze im Comer See<\/h4>\t\t\t\t<\/div>\n\t\t\t\t\t<\/div>\n\t\t<\/div>\n\t\t\t\t\t<\/div>\n\t\t<\/section>\n\t\t\t\t<section class=\"elementor-section elementor-top-section elementor-element elementor-element-3371a4d elementor-section-boxed elementor-section-height-default elementor-section-height-default\" data-id=\"3371a4d\" data-element_type=\"section\" data-e-type=\"section\">\n\t\t\t\t\t\t<div class=\"elementor-container elementor-column-gap-default\">\n\t\t\t\t\t<div class=\"elementor-column elementor-col-100 elementor-top-column elementor-element elementor-element-6ed4abb\" data-id=\"6ed4abb\" data-element_type=\"column\" data-e-type=\"column\">\n\t\t\t<div class=\"elementor-widget-wrap elementor-element-populated\">\n\t\t\t\t\t\t<div class=\"elementor-element elementor-element-b0d4add elementor-widget elementor-widget-text-editor\" data-id=\"b0d4add\" data-element_type=\"widget\" data-e-type=\"widget\" data-widget_type=\"text-editor.default\">\n\t\t\t\t\t\t\t\t\t<p><img decoding=\"async\" class=\"size-full wp-image-1127 alignleft\" src=\"https:\/\/labreva.com\/wp-content\/uploads\/2022\/06\/tauchen-comer-see.jpg\" alt=\"\" width=\"270\" height=\"180\" \/><\/p><div class=\"layout_full block\"><div class=\"ce_text block\"><p>In<strong>\u00a0Tremezzo<\/strong>\u00a0liegt am Linken der vier Bootsstege, direkt unterhalb der Kirche ein\u00a0<strong>Wrack<\/strong>\u00a0auf ca. 20 \u2013 22m. Informationen \u00fcber weitere Tauchpl\u00e4tze und auch gef\u00fchrte Tauchg\u00e4nge erhalten Sie in der oben genannten Tauchschule.<br \/>In\u00a0<strong>Gera Lario<\/strong>\u00a0(n\u00f6rdliches Ende des Sees) an der Flussm\u00fcndung ist ein relativ\u00a0<strong>steil abfallendes Ufer<\/strong>\u00a0bis zu einer Tiefe von ca. 10 m mit Bewuchs, sonst felsiger Untergrund.<br \/><strong>Varluna, Valunadera und Lierna<\/strong>\u00a0sind besonders sch\u00f6ne Pl\u00e4tze, ebenso\u00a0<strong>Lecco<\/strong>\u00a0in Richtung Bellagio.<\/p><p><em><br \/>Alle Angaben nach bestem Wissen und ohne Gew\u00e4hr<\/em><\/p><\/div><\/div>\t\t\t\t\t\t\t\t<\/div>\n\t\t\t\t\t<\/div>\n\t\t<\/div>\n\t\t\t\t\t<\/div>\n\t\t<\/section>\n\t\t\t\t<\/div>\n\t\t","protected":false},"excerpt":{"rendered":"<p>Entdecken Sie den Spa\u00df am Tauchen am Comer See. Eine rennomierte Tauchschule und einige interessante Tauchpl\u00e4tze im Comer See bieten Ihnen alles f\u00fcr Ihren Tauchurlaub am Comer See.<\/p>\n","protected":false},"author":1,"featured_media":0,"comment_status":"open","ping_status":"open","sticky":false,"template":"","format":"standard","meta":{"_acf_changed":false,"footnotes":""},"categories":[1],"tags":[],"class_list":["post-8846","post","type-post","status-publish","format-standard","hentry","category-nicht-kategorisiert"],"acf":[],"yoast_head":"<!-- This site is optimized with the Yoast SEO plugin v27.3 - https:\/\/yoast.com\/product\/yoast-seo-wordpress\/ -->\n<title>Tauchen am Comer See - LABREVA - Feriendomizile am Comer See<\/title>\n<meta name=\"robots\" content=\"index, follow, max-snippet:-1, max-image-preview:large, max-video-preview:-1\" \/>\n<link rel=\"canonical\" href=\"https:\/\/labreva.com\/en\/tauchen-am-comer-see\/\" \/>\n<meta property=\"og:locale\" content=\"en_US\" \/>\n<meta property=\"og:type\" content=\"article\" \/>\n<meta property=\"og:title\" content=\"Tauchen am Comer See - LABREVA - Feriendomizile am Comer See\" \/>\n<meta property=\"og:description\" content=\"Entdecken Sie den Spa\u00df am Tauchen am Comer See. Eine rennomierte Tauchschule und einige interessante Tauchpl\u00e4tze im Comer See bieten Ihnen alles f\u00fcr Ihren Tauchurlaub am Comer See.\" \/>\n<meta property=\"og:url\" content=\"https:\/\/labreva.com\/en\/tauchen-am-comer-see\/\" \/>\n<meta property=\"og:site_name\" content=\"LABREVA - Feriendomizile am Comer See\" \/>\n<meta property=\"article:published_time\" content=\"2022-06-30T15:15:24+00:00\" \/>\n<meta property=\"article:modified_time\" content=\"2025-12-15T10:19:56+00:00\" \/>\n<meta property=\"og:image\" content=\"https:\/\/labreva.com\/wp-content\/uploads\/2025\/11\/mf18952426.jpg\" \/>\n\t<meta property=\"og:image:width\" content=\"2048\" \/>\n\t<meta property=\"og:image:height\" content=\"1535\" \/>\n\t<meta property=\"og:image:type\" content=\"image\/jpeg\" \/>\n<meta name=\"author\" content=\"admin_xrPcOR73cNm9o1lnBnzC1xiFyF\" \/>\n<meta name=\"twitter:card\" content=\"summary_large_image\" \/>\n<meta name=\"twitter:label1\" content=\"Written by\" \/>\n\t<meta name=\"twitter:data1\" content=\"admin_xrPcOR73cNm9o1lnBnzC1xiFyF\" \/>\n\t<meta name=\"twitter:label2\" content=\"Est. reading time\" \/>\n\t<meta name=\"twitter:data2\" content=\"2 minutes\" \/>\n<script type=\"application\/ld+json\" class=\"yoast-schema-graph\">{\"@context\":\"https:\\\/\\\/schema.org\",\"@graph\":[{\"@type\":\"Article\",\"@id\":\"https:\\\/\\\/labreva.com\\\/en\\\/tauchen-am-comer-see\\\/#article\",\"isPartOf\":{\"@id\":\"https:\\\/\\\/labreva.com\\\/en\\\/tauchen-am-comer-see\\\/\"},\"author\":{\"name\":\"admin_xrPcOR73cNm9o1lnBnzC1xiFyF\",\"@id\":\"https:\\\/\\\/labreva.com\\\/en\\\/#\\\/schema\\\/person\\\/3d3252f644922b8a1d4e1cdcdd1c8369\"},\"headline\":\"Tauchen am Comer See\",\"datePublished\":\"2022-06-30T15:15:24+00:00\",\"dateModified\":\"2025-12-15T10:19:56+00:00\",\"mainEntityOfPage\":{\"@id\":\"https:\\\/\\\/labreva.com\\\/en\\\/tauchen-am-comer-see\\\/\"},\"wordCount\":197,\"commentCount\":0,\"publisher\":{\"@id\":\"https:\\\/\\\/labreva.com\\\/en\\\/#organization\"},\"image\":{\"@id\":\"https:\\\/\\\/labreva.com\\\/en\\\/tauchen-am-comer-see\\\/#primaryimage\"},\"thumbnailUrl\":\"https:\\\/\\\/labreva.com\\\/wp-content\\\/uploads\\\/2022\\\/06\\\/tauchen-1.jpg\",\"articleSection\":[\"Nicht kategorisiert\"],\"inLanguage\":\"en-US\",\"potentialAction\":[{\"@type\":\"CommentAction\",\"name\":\"Comment\",\"target\":[\"https:\\\/\\\/labreva.com\\\/en\\\/tauchen-am-comer-see\\\/#respond\"]}]},{\"@type\":\"WebPage\",\"@id\":\"https:\\\/\\\/labreva.com\\\/en\\\/tauchen-am-comer-see\\\/\",\"url\":\"https:\\\/\\\/labreva.com\\\/en\\\/tauchen-am-comer-see\\\/\",\"name\":\"Tauchen am Comer See - LABREVA - Feriendomizile am Comer See\",\"isPartOf\":{\"@id\":\"https:\\\/\\\/labreva.com\\\/en\\\/#website\"},\"primaryImageOfPage\":{\"@id\":\"https:\\\/\\\/labreva.com\\\/en\\\/tauchen-am-comer-see\\\/#primaryimage\"},\"image\":{\"@id\":\"https:\\\/\\\/labreva.com\\\/en\\\/tauchen-am-comer-see\\\/#primaryimage\"},\"thumbnailUrl\":\"https:\\\/\\\/labreva.com\\\/wp-content\\\/uploads\\\/2022\\\/06\\\/tauchen-1.jpg\",\"datePublished\":\"2022-06-30T15:15:24+00:00\",\"dateModified\":\"2025-12-15T10:19:56+00:00\",\"breadcrumb\":{\"@id\":\"https:\\\/\\\/labreva.com\\\/en\\\/tauchen-am-comer-see\\\/#breadcrumb\"},\"inLanguage\":\"en-US\",\"potentialAction\":[{\"@type\":\"ReadAction\",\"target\":[\"https:\\\/\\\/labreva.com\\\/en\\\/tauchen-am-comer-see\\\/\"]}]},{\"@type\":\"ImageObject\",\"inLanguage\":\"en-US\",\"@id\":\"https:\\\/\\\/labreva.com\\\/en\\\/tauchen-am-comer-see\\\/#primaryimage\",\"url\":\"https:\\\/\\\/labreva.com\\\/wp-content\\\/uploads\\\/2022\\\/06\\\/tauchen-1.jpg\",\"contentUrl\":\"https:\\\/\\\/labreva.com\\\/wp-content\\\/uploads\\\/2022\\\/06\\\/tauchen-1.jpg\"},{\"@type\":\"BreadcrumbList\",\"@id\":\"https:\\\/\\\/labreva.com\\\/en\\\/tauchen-am-comer-see\\\/#breadcrumb\",\"itemListElement\":[{\"@type\":\"ListItem\",\"position\":1,\"name\":\"Startseite\",\"item\":\"https:\\\/\\\/labreva.com\\\/en\\\/\"},{\"@type\":\"ListItem\",\"position\":2,\"name\":\"Tauchen am Comer See\"}]},{\"@type\":\"WebSite\",\"@id\":\"https:\\\/\\\/labreva.com\\\/en\\\/#website\",\"url\":\"https:\\\/\\\/labreva.com\\\/en\\\/\",\"name\":\"LABREVA - Feriendomizile am Comer See\",\"description\":\"\",\"publisher\":{\"@id\":\"https:\\\/\\\/labreva.com\\\/en\\\/#organization\"},\"potentialAction\":[{\"@type\":\"SearchAction\",\"target\":{\"@type\":\"EntryPoint\",\"urlTemplate\":\"https:\\\/\\\/labreva.com\\\/en\\\/?s={search_term_string}\"},\"query-input\":{\"@type\":\"PropertyValueSpecification\",\"valueRequired\":true,\"valueName\":\"search_term_string\"}}],\"inLanguage\":\"en-US\"},{\"@type\":\"Organization\",\"@id\":\"https:\\\/\\\/labreva.com\\\/en\\\/#organization\",\"name\":\"LABREVA - Feriendomizile am Comer See\",\"url\":\"https:\\\/\\\/labreva.com\\\/en\\\/\",\"logo\":{\"@type\":\"ImageObject\",\"inLanguage\":\"en-US\",\"@id\":\"https:\\\/\\\/labreva.com\\\/en\\\/#\\\/schema\\\/logo\\\/image\\\/\",\"url\":\"https:\\\/\\\/labreva.com\\\/wp-content\\\/uploads\\\/2025\\\/11\\\/Labreva_Logo_RGB_5.svg\",\"contentUrl\":\"https:\\\/\\\/labreva.com\\\/wp-content\\\/uploads\\\/2025\\\/11\\\/Labreva_Logo_RGB_5.svg\",\"caption\":\"LABREVA - Feriendomizile am Comer See\"},\"image\":{\"@id\":\"https:\\\/\\\/labreva.com\\\/en\\\/#\\\/schema\\\/logo\\\/image\\\/\"}},{\"@type\":\"Person\",\"@id\":\"https:\\\/\\\/labreva.com\\\/en\\\/#\\\/schema\\\/person\\\/3d3252f644922b8a1d4e1cdcdd1c8369\",\"name\":\"admin_xrPcOR73cNm9o1lnBnzC1xiFyF\",\"image\":{\"@type\":\"ImageObject\",\"inLanguage\":\"en-US\",\"@id\":\"https:\\\/\\\/secure.gravatar.com\\\/avatar\\\/3e9ae8c9345d557659d8111b66a89666af430d2d83ac50439fa78530db3797a6?s=96&d=mm&r=g\",\"url\":\"https:\\\/\\\/secure.gravatar.com\\\/avatar\\\/3e9ae8c9345d557659d8111b66a89666af430d2d83ac50439fa78530db3797a6?s=96&d=mm&r=g\",\"contentUrl\":\"https:\\\/\\\/secure.gravatar.com\\\/avatar\\\/3e9ae8c9345d557659d8111b66a89666af430d2d83ac50439fa78530db3797a6?s=96&d=mm&r=g\",\"caption\":\"admin_xrPcOR73cNm9o1lnBnzC1xiFyF\"},\"sameAs\":[\"https:\\\/\\\/labreva.com\"]}]}<\/script>\n<!-- \/ Yoast SEO plugin. -->","yoast_head_json":{"title":"Tauchen am Comer See - LABREVA - Feriendomizile am Comer See","robots":{"index":"index","follow":"follow","max-snippet":"max-snippet:-1","max-image-preview":"max-image-preview:large","max-video-preview":"max-video-preview:-1"},"canonical":"https:\/\/labreva.com\/en\/tauchen-am-comer-see\/","og_locale":"en_US","og_type":"article","og_title":"Tauchen am Comer See - LABREVA - Feriendomizile am Comer See","og_description":"Entdecken Sie den Spa\u00df am Tauchen am Comer See. Eine rennomierte Tauchschule und einige interessante Tauchpl\u00e4tze im Comer See bieten Ihnen alles f\u00fcr Ihren Tauchurlaub am Comer See.","og_url":"https:\/\/labreva.com\/en\/tauchen-am-comer-see\/","og_site_name":"LABREVA - Feriendomizile am Comer See","article_published_time":"2022-06-30T15:15:24+00:00","article_modified_time":"2025-12-15T10:19:56+00:00","og_image":[{"width":2048,"height":1535,"url":"https:\/\/labreva.com\/wp-content\/uploads\/2025\/11\/mf18952426.jpg","type":"image\/jpeg"}],"author":"admin_xrPcOR73cNm9o1lnBnzC1xiFyF","twitter_card":"summary_large_image","twitter_misc":{"Written by":"admin_xrPcOR73cNm9o1lnBnzC1xiFyF","Est. reading time":"2 minutes"},"schema":{"@context":"https:\/\/schema.org","@graph":[{"@type":"Article","@id":"https:\/\/labreva.com\/en\/tauchen-am-comer-see\/#article","isPartOf":{"@id":"https:\/\/labreva.com\/en\/tauchen-am-comer-see\/"},"author":{"name":"admin_xrPcOR73cNm9o1lnBnzC1xiFyF","@id":"https:\/\/labreva.com\/en\/#\/schema\/person\/3d3252f644922b8a1d4e1cdcdd1c8369"},"headline":"Tauchen am Comer See","datePublished":"2022-06-30T15:15:24+00:00","dateModified":"2025-12-15T10:19:56+00:00","mainEntityOfPage":{"@id":"https:\/\/labreva.com\/en\/tauchen-am-comer-see\/"},"wordCount":197,"commentCount":0,"publisher":{"@id":"https:\/\/labreva.com\/en\/#organization"},"image":{"@id":"https:\/\/labreva.com\/en\/tauchen-am-comer-see\/#primaryimage"},"thumbnailUrl":"https:\/\/labreva.com\/wp-content\/uploads\/2022\/06\/tauchen-1.jpg","articleSection":["Nicht kategorisiert"],"inLanguage":"en-US","potentialAction":[{"@type":"CommentAction","name":"Comment","target":["https:\/\/labreva.com\/en\/tauchen-am-comer-see\/#respond"]}]},{"@type":"WebPage","@id":"https:\/\/labreva.com\/en\/tauchen-am-comer-see\/","url":"https:\/\/labreva.com\/en\/tauchen-am-comer-see\/","name":"Tauchen am Comer See - LABREVA - Feriendomizile am Comer See","isPartOf":{"@id":"https:\/\/labreva.com\/en\/#website"},"primaryImageOfPage":{"@id":"https:\/\/labreva.com\/en\/tauchen-am-comer-see\/#primaryimage"},"image":{"@id":"https:\/\/labreva.com\/en\/tauchen-am-comer-see\/#primaryimage"},"thumbnailUrl":"https:\/\/labreva.com\/wp-content\/uploads\/2022\/06\/tauchen-1.jpg","datePublished":"2022-06-30T15:15:24+00:00","dateModified":"2025-12-15T10:19:56+00:00","breadcrumb":{"@id":"https:\/\/labreva.com\/en\/tauchen-am-comer-see\/#breadcrumb"},"inLanguage":"en-US","potentialAction":[{"@type":"ReadAction","target":["https:\/\/labreva.com\/en\/tauchen-am-comer-see\/"]}]},{"@type":"ImageObject","inLanguage":"en-US","@id":"https:\/\/labreva.com\/en\/tauchen-am-comer-see\/#primaryimage","url":"https:\/\/labreva.com\/wp-content\/uploads\/2022\/06\/tauchen-1.jpg","contentUrl":"https:\/\/labreva.com\/wp-content\/uploads\/2022\/06\/tauchen-1.jpg"},{"@type":"BreadcrumbList","@id":"https:\/\/labreva.com\/en\/tauchen-am-comer-see\/#breadcrumb","itemListElement":[{"@type":"ListItem","position":1,"name":"Startseite","item":"https:\/\/labreva.com\/en\/"},{"@type":"ListItem","position":2,"name":"Tauchen am Comer See"}]},{"@type":"WebSite","@id":"https:\/\/labreva.com\/en\/#website","url":"https:\/\/labreva.com\/en\/","name":"LABREVA - Feriendomizile am Comer See","description":"","publisher":{"@id":"https:\/\/labreva.com\/en\/#organization"},"potentialAction":[{"@type":"SearchAction","target":{"@type":"EntryPoint","urlTemplate":"https:\/\/labreva.com\/en\/?s={search_term_string}"},"query-input":{"@type":"PropertyValueSpecification","valueRequired":true,"valueName":"search_term_string"}}],"inLanguage":"en-US"},{"@type":"Organization","@id":"https:\/\/labreva.com\/en\/#organization","name":"LABREVA - Feriendomizile am Comer See","url":"https:\/\/labreva.com\/en\/","logo":{"@type":"ImageObject","inLanguage":"en-US","@id":"https:\/\/labreva.com\/en\/#\/schema\/logo\/image\/","url":"https:\/\/labreva.com\/wp-content\/uploads\/2025\/11\/Labreva_Logo_RGB_5.svg","contentUrl":"https:\/\/labreva.com\/wp-content\/uploads\/2025\/11\/Labreva_Logo_RGB_5.svg","caption":"LABREVA - Feriendomizile am Comer See"},"image":{"@id":"https:\/\/labreva.com\/en\/#\/schema\/logo\/image\/"}},{"@type":"Person","@id":"https:\/\/labreva.com\/en\/#\/schema\/person\/3d3252f644922b8a1d4e1cdcdd1c8369","name":"admin_xrPcOR73cNm9o1lnBnzC1xiFyF","image":{"@type":"ImageObject","inLanguage":"en-US","@id":"https:\/\/secure.gravatar.com\/avatar\/3e9ae8c9345d557659d8111b66a89666af430d2d83ac50439fa78530db3797a6?s=96&d=mm&r=g","url":"https:\/\/secure.gravatar.com\/avatar\/3e9ae8c9345d557659d8111b66a89666af430d2d83ac50439fa78530db3797a6?s=96&d=mm&r=g","contentUrl":"https:\/\/secure.gravatar.com\/avatar\/3e9ae8c9345d557659d8111b66a89666af430d2d83ac50439fa78530db3797a6?s=96&d=mm&r=g","caption":"admin_xrPcOR73cNm9o1lnBnzC1xiFyF"},"sameAs":["https:\/\/labreva.com"]}]}},"_links":{"self":[{"href":"https:\/\/labreva.com\/en\/wp-json\/wp\/v2\/posts\/8846","targetHints":{"allow":["GET"]}}],"collection":[{"href":"https:\/\/labreva.com\/en\/wp-json\/wp\/v2\/posts"}],"about":[{"href":"https:\/\/labreva.com\/en\/wp-json\/wp\/v2\/types\/post"}],"author":[{"embeddable":true,"href":"https:\/\/labreva.com\/en\/wp-json\/wp\/v2\/users\/1"}],"replies":[{"embeddable":true,"href":"https:\/\/labreva.com\/en\/wp-json\/wp\/v2\/comments?post=8846"}],"version-history":[{"count":3,"href":"https:\/\/labreva.com\/en\/wp-json\/wp\/v2\/posts\/8846\/revisions"}],"predecessor-version":[{"id":78245,"href":"https:\/\/labreva.com\/en\/wp-json\/wp\/v2\/posts\/8846\/revisions\/78245"}],"wp:attachment":[{"href":"https:\/\/labreva.com\/en\/wp-json\/wp\/v2\/media?parent=8846"}],"wp:term":[{"taxonomy":"category","embeddable":true,"href":"https:\/\/labreva.com\/en\/wp-json\/wp\/v2\/categories?post=8846"},{"taxonomy":"post_tag","embeddable":true,"href":"https:\/\/labreva.com\/en\/wp-json\/wp\/v2\/tags?post=8846"}],"curies":[{"name":"wp","href":"https:\/\/api.w.org\/{rel}","templated":true}]}}