{"id":8885,"date":"2022-07-12T17:16:36","date_gmt":"2022-07-12T15:16:36","guid":{"rendered":"https:\/\/labreva.com\/?p=2276"},"modified":"2025-12-15T13:11:06","modified_gmt":"2025-12-15T12:11:06","slug":"lake-como-music-festival-internationales-musikfest-entlang-des-comer-sees-como","status":"publish","type":"post","link":"https:\/\/labreva.com\/de\/lake-como-music-festival-internationales-musikfest-entlang-des-comer-sees-como\/","title":{"rendered":"&#8222;Lake Como Music Festival&#8220; Internationales Musikfest, entlang des Comer Sees (Como)"},"content":{"rendered":"\t\t<div data-elementor-type=\"wp-post\" data-elementor-id=\"8885\" class=\"elementor elementor-8885\" data-elementor-post-type=\"post\">\n\t\t\t\t\t\t<section class=\"elementor-section elementor-top-section elementor-element elementor-element-5d1bc2a2 elementor-section-boxed elementor-section-height-default elementor-section-height-default\" data-id=\"5d1bc2a2\" data-element_type=\"section\" data-e-type=\"section\">\n\t\t\t\t\t\t<div class=\"elementor-container elementor-column-gap-default\">\n\t\t\t\t\t<div class=\"elementor-column elementor-col-100 elementor-top-column elementor-element elementor-element-59ddd4b5\" data-id=\"59ddd4b5\" data-element_type=\"column\" data-e-type=\"column\">\n\t\t\t<div class=\"elementor-widget-wrap elementor-element-populated\">\n\t\t\t\t\t\t<div class=\"elementor-element elementor-element-1f17c4f7 elementor-widget elementor-widget-text-editor\" data-id=\"1f17c4f7\" data-element_type=\"widget\" data-e-type=\"widget\" data-widget_type=\"text-editor.default\">\n\t\t\t\t\t\t\t\t\t\n<p><a href=\"https:\/\/labreva.com\/files\/images\/blog\/music%20festival%20.jpg\"><\/a><\/p>\n\t\t\t\t\t\t\t\t<\/div>\n\t\t\t\t\t<\/div>\n\t\t<\/div>\n\t\t\t\t\t<\/div>\n\t\t<\/section>\n\t\t\t\t<section class=\"elementor-section elementor-top-section elementor-element elementor-element-18447aa elementor-section-boxed elementor-section-height-default elementor-section-height-default\" data-id=\"18447aa\" data-element_type=\"section\" data-e-type=\"section\">\n\t\t\t\t\t\t<div class=\"elementor-container elementor-column-gap-default\">\n\t\t\t\t\t<div class=\"elementor-column elementor-col-100 elementor-top-column elementor-element elementor-element-5a85fee\" data-id=\"5a85fee\" data-element_type=\"column\" data-e-type=\"column\">\n\t\t\t<div class=\"elementor-widget-wrap elementor-element-populated\">\n\t\t\t\t\t\t<div class=\"elementor-element elementor-element-b96e77f elementor-widget elementor-widget-heading\" data-id=\"b96e77f\" data-element_type=\"widget\" data-e-type=\"widget\" data-widget_type=\"heading.default\">\n\t\t\t\t\t<h2 class=\"elementor-heading-title elementor-size-default\">\"Lake Como Music Festival\" Internationales Musikfest, entland des Comer Sees (Como)<\/h2>\t\t\t\t<\/div>\n\t\t\t\t\t<\/div>\n\t\t<\/div>\n\t\t\t\t\t<\/div>\n\t\t<\/section>\n\t\t\t\t<section class=\"elementor-section elementor-top-section elementor-element elementor-element-64a8720 elementor-section-boxed elementor-section-height-default elementor-section-height-default\" data-id=\"64a8720\" data-element_type=\"section\" data-e-type=\"section\">\n\t\t\t\t\t\t<div class=\"elementor-container elementor-column-gap-default\">\n\t\t\t\t\t<div class=\"elementor-column elementor-col-100 elementor-top-column elementor-element elementor-element-456847f\" data-id=\"456847f\" data-element_type=\"column\" data-e-type=\"column\">\n\t\t\t<div class=\"elementor-widget-wrap elementor-element-populated\">\n\t\t\t\t\t\t<div class=\"elementor-element elementor-element-d92cde1 elementor-widget elementor-widget-text-editor\" data-id=\"d92cde1\" data-element_type=\"widget\" data-e-type=\"widget\" data-widget_type=\"text-editor.default\">\n\t\t\t\t\t\t\t\t\t<div class=\"layout_full block\">\n<div class=\"ce_text punkt block\">\n<p>Das\u00a0 <strong>Musikfestival am Comer See<\/strong> geht dieses J\u00e4hr\u00a0in seiner 15. Ausgabe.<br \/>Es bestehet aus\u00a0einer Abfolge von Konzerten grosser Orchester, kleiner Ensembles und Einselnmusiker \u00a0in den sch\u00f6nsten Villen und G\u00e4rten des Sees, im historischen Zentrum von Como und in den Theatern der Region Brianza .<\/p>\n<p>Das<strong> Musikfestival am Comer See<\/strong> bietet ein Verschmelzung von klassischem Repertoire und moderner Musik, die sich im Gleichgewicht zwischen Tradition und Innovation entwickelt.<br \/>Immer zweisprachig (Italienisch und Englisch), heisst\u00a0das Festival viele ber\u00fchmte italienische und internationale K\u00fcnstler willkommen.<\/p>\n<p>Die ausgezeichnete Akustik der B\u00fchnen erm\u00f6glicht uneingeschr\u00e4nkten musikalischen Genuss.<br \/>Vortr\u00e4ge oder F\u00fchrungen begleiten oft die Konzerte und die K\u00fcnstler stellen oft dem\u00a0Publikum die Historie und Untergr\u00fcnde zu den\u00a0Musikst\u00fccken vor.\u00a0<\/p>\n<p>Das diesj\u00e4hrige Programm wurde noch nicht ver\u00f6ffentlicht, aber wenn Sie etwas mehr \u00fcber das Event erfahren\u00a0m\u00f6chten,\u00a0finden Sie gerne das Programm der letzten Ausgabe\u00a0auf\u00a0<a href=\"http:\/\/lakecomofestival.com\/wp\/eventi\/\" target=\"_blank\" rel=\"noopener\">http:\/\/lakecomofestival.com\/wp\/eventi\/<\/a>.\u00a0<\/p>\n<p>Sichern Sie sich Ihre <a href=\"https:\/\/labreva.com\/de\/suchenbuchen\/\">Unterkunft<\/a> am Comer See und genie\u00dfen Sie das diesj\u00e4hrige <strong>Musikfestival am Comer See<\/strong>.<\/p>\n<\/div>\n<\/div>\t\t\t\t\t\t\t\t<\/div>\n\t\t\t\t\t<\/div>\n\t\t<\/div>\n\t\t\t\t\t<\/div>\n\t\t<\/section>\n\t\t\t\t<\/div>\n\t\t","protected":false},"excerpt":{"rendered":"<p>Anfang April 2020 geht das ber\u00fchmte Musikfest wieder los&#8230;<\/p>\n","protected":false},"author":1,"featured_media":78414,"comment_status":"open","ping_status":"open","sticky":false,"template":"","format":"standard","meta":{"_acf_changed":false,"footnotes":""},"categories":[1],"tags":[],"class_list":["post-8885","post","type-post","status-publish","format-standard","has-post-thumbnail","hentry","category-nicht-kategorisiert"],"acf":[],"yoast_head":"<!-- This site is optimized with the Yoast SEO plugin v27.3 - https:\/\/yoast.com\/product\/yoast-seo-wordpress\/ -->\n<title>&quot;Lake Como Music Festival&quot; Internationales Musikfest, entlang des Comer Sees (Como) - LABREVA - Feriendomizile am Comer See<\/title>\n<meta name=\"robots\" content=\"index, follow, max-snippet:-1, max-image-preview:large, max-video-preview:-1\" \/>\n<link rel=\"canonical\" href=\"https:\/\/labreva.com\/de\/lake-como-music-festival-internationales-musikfest-entlang-des-comer-sees-como\/\" \/>\n<meta property=\"og:locale\" content=\"de_DE\" \/>\n<meta property=\"og:type\" content=\"article\" \/>\n<meta property=\"og:title\" content=\"&quot;Lake Como Music Festival&quot; Internationales Musikfest, entlang des Comer Sees (Como) - LABREVA - Feriendomizile am Comer See\" \/>\n<meta property=\"og:description\" content=\"Anfang April 2020 geht das ber\u00fchmte Musikfest wieder los...\" \/>\n<meta property=\"og:url\" content=\"https:\/\/labreva.com\/de\/lake-como-music-festival-internationales-musikfest-entlang-des-comer-sees-como\/\" \/>\n<meta property=\"og:site_name\" content=\"LABREVA - Feriendomizile am Comer See\" \/>\n<meta property=\"article:published_time\" content=\"2022-07-12T15:16:36+00:00\" \/>\n<meta property=\"article:modified_time\" content=\"2025-12-15T12:11:06+00:00\" \/>\n<meta property=\"og:image\" content=\"https:\/\/labreva.com\/wp-content\/uploads\/2022\/07\/music-festival-1-1.jpg\" \/>\n\t<meta property=\"og:image:width\" content=\"800\" \/>\n\t<meta property=\"og:image:height\" content=\"600\" \/>\n\t<meta property=\"og:image:type\" content=\"image\/jpeg\" \/>\n<meta name=\"author\" content=\"admin_xrPcOR73cNm9o1lnBnzC1xiFyF\" \/>\n<meta name=\"twitter:card\" content=\"summary_large_image\" \/>\n<meta name=\"twitter:label1\" content=\"Verfasst von\" \/>\n\t<meta name=\"twitter:data1\" content=\"admin_xrPcOR73cNm9o1lnBnzC1xiFyF\" \/>\n\t<meta name=\"twitter:label2\" content=\"Gesch\u00e4tzte Lesezeit\" \/>\n\t<meta name=\"twitter:data2\" content=\"2\u00a0Minuten\" \/>\n<script type=\"application\/ld+json\" class=\"yoast-schema-graph\">{\"@context\":\"https:\\\/\\\/schema.org\",\"@graph\":[{\"@type\":\"Article\",\"@id\":\"https:\\\/\\\/labreva.com\\\/de\\\/lake-como-music-festival-internationales-musikfest-entlang-des-comer-sees-como\\\/#article\",\"isPartOf\":{\"@id\":\"https:\\\/\\\/labreva.com\\\/de\\\/lake-como-music-festival-internationales-musikfest-entlang-des-comer-sees-como\\\/\"},\"author\":{\"name\":\"admin_xrPcOR73cNm9o1lnBnzC1xiFyF\",\"@id\":\"https:\\\/\\\/labreva.com\\\/de\\\/#\\\/schema\\\/person\\\/3d3252f644922b8a1d4e1cdcdd1c8369\"},\"headline\":\"&#8222;Lake Como Music Festival&#8220; Internationales Musikfest, entlang des Comer Sees (Como)\",\"datePublished\":\"2022-07-12T15:16:36+00:00\",\"dateModified\":\"2025-12-15T12:11:06+00:00\",\"mainEntityOfPage\":{\"@id\":\"https:\\\/\\\/labreva.com\\\/de\\\/lake-como-music-festival-internationales-musikfest-entlang-des-comer-sees-como\\\/\"},\"wordCount\":201,\"commentCount\":0,\"publisher\":{\"@id\":\"https:\\\/\\\/labreva.com\\\/de\\\/#organization\"},\"image\":{\"@id\":\"https:\\\/\\\/labreva.com\\\/de\\\/lake-como-music-festival-internationales-musikfest-entlang-des-comer-sees-como\\\/#primaryimage\"},\"thumbnailUrl\":\"https:\\\/\\\/labreva.com\\\/wp-content\\\/uploads\\\/2022\\\/07\\\/music-festival-1-1.jpg\",\"articleSection\":[\"Nicht kategorisiert\"],\"inLanguage\":\"de\",\"potentialAction\":[{\"@type\":\"CommentAction\",\"name\":\"Comment\",\"target\":[\"https:\\\/\\\/labreva.com\\\/de\\\/lake-como-music-festival-internationales-musikfest-entlang-des-comer-sees-como\\\/#respond\"]}]},{\"@type\":\"WebPage\",\"@id\":\"https:\\\/\\\/labreva.com\\\/de\\\/lake-como-music-festival-internationales-musikfest-entlang-des-comer-sees-como\\\/\",\"url\":\"https:\\\/\\\/labreva.com\\\/de\\\/lake-como-music-festival-internationales-musikfest-entlang-des-comer-sees-como\\\/\",\"name\":\"\\\"Lake Como Music Festival\\\" Internationales Musikfest, entlang des Comer Sees (Como) - LABREVA - Feriendomizile am Comer See\",\"isPartOf\":{\"@id\":\"https:\\\/\\\/labreva.com\\\/de\\\/#website\"},\"primaryImageOfPage\":{\"@id\":\"https:\\\/\\\/labreva.com\\\/de\\\/lake-como-music-festival-internationales-musikfest-entlang-des-comer-sees-como\\\/#primaryimage\"},\"image\":{\"@id\":\"https:\\\/\\\/labreva.com\\\/de\\\/lake-como-music-festival-internationales-musikfest-entlang-des-comer-sees-como\\\/#primaryimage\"},\"thumbnailUrl\":\"https:\\\/\\\/labreva.com\\\/wp-content\\\/uploads\\\/2022\\\/07\\\/music-festival-1-1.jpg\",\"datePublished\":\"2022-07-12T15:16:36+00:00\",\"dateModified\":\"2025-12-15T12:11:06+00:00\",\"breadcrumb\":{\"@id\":\"https:\\\/\\\/labreva.com\\\/de\\\/lake-como-music-festival-internationales-musikfest-entlang-des-comer-sees-como\\\/#breadcrumb\"},\"inLanguage\":\"de\",\"potentialAction\":[{\"@type\":\"ReadAction\",\"target\":[\"https:\\\/\\\/labreva.com\\\/de\\\/lake-como-music-festival-internationales-musikfest-entlang-des-comer-sees-como\\\/\"]}]},{\"@type\":\"ImageObject\",\"inLanguage\":\"de\",\"@id\":\"https:\\\/\\\/labreva.com\\\/de\\\/lake-como-music-festival-internationales-musikfest-entlang-des-comer-sees-como\\\/#primaryimage\",\"url\":\"https:\\\/\\\/labreva.com\\\/wp-content\\\/uploads\\\/2022\\\/07\\\/music-festival-1-1.jpg\",\"contentUrl\":\"https:\\\/\\\/labreva.com\\\/wp-content\\\/uploads\\\/2022\\\/07\\\/music-festival-1-1.jpg\",\"width\":800,\"height\":600},{\"@type\":\"BreadcrumbList\",\"@id\":\"https:\\\/\\\/labreva.com\\\/de\\\/lake-como-music-festival-internationales-musikfest-entlang-des-comer-sees-como\\\/#breadcrumb\",\"itemListElement\":[{\"@type\":\"ListItem\",\"position\":1,\"name\":\"Startseite\",\"item\":\"https:\\\/\\\/labreva.com\\\/de\\\/\"},{\"@type\":\"ListItem\",\"position\":2,\"name\":\"&#8222;Lake Como Music Festival&#8220; Internationales Musikfest, entlang des Comer Sees (Como)\"}]},{\"@type\":\"WebSite\",\"@id\":\"https:\\\/\\\/labreva.com\\\/de\\\/#website\",\"url\":\"https:\\\/\\\/labreva.com\\\/de\\\/\",\"name\":\"LABREVA - Feriendomizile am Comer See\",\"description\":\"\",\"publisher\":{\"@id\":\"https:\\\/\\\/labreva.com\\\/de\\\/#organization\"},\"potentialAction\":[{\"@type\":\"SearchAction\",\"target\":{\"@type\":\"EntryPoint\",\"urlTemplate\":\"https:\\\/\\\/labreva.com\\\/de\\\/?s={search_term_string}\"},\"query-input\":{\"@type\":\"PropertyValueSpecification\",\"valueRequired\":true,\"valueName\":\"search_term_string\"}}],\"inLanguage\":\"de\"},{\"@type\":\"Organization\",\"@id\":\"https:\\\/\\\/labreva.com\\\/de\\\/#organization\",\"name\":\"LABREVA - Feriendomizile am Comer See\",\"url\":\"https:\\\/\\\/labreva.com\\\/de\\\/\",\"logo\":{\"@type\":\"ImageObject\",\"inLanguage\":\"de\",\"@id\":\"https:\\\/\\\/labreva.com\\\/de\\\/#\\\/schema\\\/logo\\\/image\\\/\",\"url\":\"https:\\\/\\\/labreva.com\\\/wp-content\\\/uploads\\\/2025\\\/11\\\/Labreva_Logo_RGB_5.svg\",\"contentUrl\":\"https:\\\/\\\/labreva.com\\\/wp-content\\\/uploads\\\/2025\\\/11\\\/Labreva_Logo_RGB_5.svg\",\"caption\":\"LABREVA - Feriendomizile am Comer See\"},\"image\":{\"@id\":\"https:\\\/\\\/labreva.com\\\/de\\\/#\\\/schema\\\/logo\\\/image\\\/\"}},{\"@type\":\"Person\",\"@id\":\"https:\\\/\\\/labreva.com\\\/de\\\/#\\\/schema\\\/person\\\/3d3252f644922b8a1d4e1cdcdd1c8369\",\"name\":\"admin_xrPcOR73cNm9o1lnBnzC1xiFyF\",\"image\":{\"@type\":\"ImageObject\",\"inLanguage\":\"de\",\"@id\":\"https:\\\/\\\/secure.gravatar.com\\\/avatar\\\/3e9ae8c9345d557659d8111b66a89666af430d2d83ac50439fa78530db3797a6?s=96&d=mm&r=g\",\"url\":\"https:\\\/\\\/secure.gravatar.com\\\/avatar\\\/3e9ae8c9345d557659d8111b66a89666af430d2d83ac50439fa78530db3797a6?s=96&d=mm&r=g\",\"contentUrl\":\"https:\\\/\\\/secure.gravatar.com\\\/avatar\\\/3e9ae8c9345d557659d8111b66a89666af430d2d83ac50439fa78530db3797a6?s=96&d=mm&r=g\",\"caption\":\"admin_xrPcOR73cNm9o1lnBnzC1xiFyF\"},\"sameAs\":[\"https:\\\/\\\/labreva.com\"]}]}<\/script>\n<!-- \/ Yoast SEO plugin. -->","yoast_head_json":{"title":"\"Lake Como Music Festival\" Internationales Musikfest, entlang des Comer Sees (Como) - LABREVA - Feriendomizile am Comer See","robots":{"index":"index","follow":"follow","max-snippet":"max-snippet:-1","max-image-preview":"max-image-preview:large","max-video-preview":"max-video-preview:-1"},"canonical":"https:\/\/labreva.com\/de\/lake-como-music-festival-internationales-musikfest-entlang-des-comer-sees-como\/","og_locale":"de_DE","og_type":"article","og_title":"\"Lake Como Music Festival\" Internationales Musikfest, entlang des Comer Sees (Como) - LABREVA - Feriendomizile am Comer See","og_description":"Anfang April 2020 geht das ber\u00fchmte Musikfest wieder los...","og_url":"https:\/\/labreva.com\/de\/lake-como-music-festival-internationales-musikfest-entlang-des-comer-sees-como\/","og_site_name":"LABREVA - Feriendomizile am Comer See","article_published_time":"2022-07-12T15:16:36+00:00","article_modified_time":"2025-12-15T12:11:06+00:00","og_image":[{"width":800,"height":600,"url":"https:\/\/labreva.com\/wp-content\/uploads\/2022\/07\/music-festival-1-1.jpg","type":"image\/jpeg"}],"author":"admin_xrPcOR73cNm9o1lnBnzC1xiFyF","twitter_card":"summary_large_image","twitter_misc":{"Verfasst von":"admin_xrPcOR73cNm9o1lnBnzC1xiFyF","Gesch\u00e4tzte Lesezeit":"2\u00a0Minuten"},"schema":{"@context":"https:\/\/schema.org","@graph":[{"@type":"Article","@id":"https:\/\/labreva.com\/de\/lake-como-music-festival-internationales-musikfest-entlang-des-comer-sees-como\/#article","isPartOf":{"@id":"https:\/\/labreva.com\/de\/lake-como-music-festival-internationales-musikfest-entlang-des-comer-sees-como\/"},"author":{"name":"admin_xrPcOR73cNm9o1lnBnzC1xiFyF","@id":"https:\/\/labreva.com\/de\/#\/schema\/person\/3d3252f644922b8a1d4e1cdcdd1c8369"},"headline":"&#8222;Lake Como Music Festival&#8220; Internationales Musikfest, entlang des Comer Sees (Como)","datePublished":"2022-07-12T15:16:36+00:00","dateModified":"2025-12-15T12:11:06+00:00","mainEntityOfPage":{"@id":"https:\/\/labreva.com\/de\/lake-como-music-festival-internationales-musikfest-entlang-des-comer-sees-como\/"},"wordCount":201,"commentCount":0,"publisher":{"@id":"https:\/\/labreva.com\/de\/#organization"},"image":{"@id":"https:\/\/labreva.com\/de\/lake-como-music-festival-internationales-musikfest-entlang-des-comer-sees-como\/#primaryimage"},"thumbnailUrl":"https:\/\/labreva.com\/wp-content\/uploads\/2022\/07\/music-festival-1-1.jpg","articleSection":["Nicht kategorisiert"],"inLanguage":"de","potentialAction":[{"@type":"CommentAction","name":"Comment","target":["https:\/\/labreva.com\/de\/lake-como-music-festival-internationales-musikfest-entlang-des-comer-sees-como\/#respond"]}]},{"@type":"WebPage","@id":"https:\/\/labreva.com\/de\/lake-como-music-festival-internationales-musikfest-entlang-des-comer-sees-como\/","url":"https:\/\/labreva.com\/de\/lake-como-music-festival-internationales-musikfest-entlang-des-comer-sees-como\/","name":"\"Lake Como Music Festival\" Internationales Musikfest, entlang des Comer Sees (Como) - LABREVA - Feriendomizile am Comer See","isPartOf":{"@id":"https:\/\/labreva.com\/de\/#website"},"primaryImageOfPage":{"@id":"https:\/\/labreva.com\/de\/lake-como-music-festival-internationales-musikfest-entlang-des-comer-sees-como\/#primaryimage"},"image":{"@id":"https:\/\/labreva.com\/de\/lake-como-music-festival-internationales-musikfest-entlang-des-comer-sees-como\/#primaryimage"},"thumbnailUrl":"https:\/\/labreva.com\/wp-content\/uploads\/2022\/07\/music-festival-1-1.jpg","datePublished":"2022-07-12T15:16:36+00:00","dateModified":"2025-12-15T12:11:06+00:00","breadcrumb":{"@id":"https:\/\/labreva.com\/de\/lake-como-music-festival-internationales-musikfest-entlang-des-comer-sees-como\/#breadcrumb"},"inLanguage":"de","potentialAction":[{"@type":"ReadAction","target":["https:\/\/labreva.com\/de\/lake-como-music-festival-internationales-musikfest-entlang-des-comer-sees-como\/"]}]},{"@type":"ImageObject","inLanguage":"de","@id":"https:\/\/labreva.com\/de\/lake-como-music-festival-internationales-musikfest-entlang-des-comer-sees-como\/#primaryimage","url":"https:\/\/labreva.com\/wp-content\/uploads\/2022\/07\/music-festival-1-1.jpg","contentUrl":"https:\/\/labreva.com\/wp-content\/uploads\/2022\/07\/music-festival-1-1.jpg","width":800,"height":600},{"@type":"BreadcrumbList","@id":"https:\/\/labreva.com\/de\/lake-como-music-festival-internationales-musikfest-entlang-des-comer-sees-como\/#breadcrumb","itemListElement":[{"@type":"ListItem","position":1,"name":"Startseite","item":"https:\/\/labreva.com\/de\/"},{"@type":"ListItem","position":2,"name":"&#8222;Lake Como Music Festival&#8220; Internationales Musikfest, entlang des Comer Sees (Como)"}]},{"@type":"WebSite","@id":"https:\/\/labreva.com\/de\/#website","url":"https:\/\/labreva.com\/de\/","name":"LABREVA - Feriendomizile am Comer See","description":"","publisher":{"@id":"https:\/\/labreva.com\/de\/#organization"},"potentialAction":[{"@type":"SearchAction","target":{"@type":"EntryPoint","urlTemplate":"https:\/\/labreva.com\/de\/?s={search_term_string}"},"query-input":{"@type":"PropertyValueSpecification","valueRequired":true,"valueName":"search_term_string"}}],"inLanguage":"de"},{"@type":"Organization","@id":"https:\/\/labreva.com\/de\/#organization","name":"LABREVA - Feriendomizile am Comer See","url":"https:\/\/labreva.com\/de\/","logo":{"@type":"ImageObject","inLanguage":"de","@id":"https:\/\/labreva.com\/de\/#\/schema\/logo\/image\/","url":"https:\/\/labreva.com\/wp-content\/uploads\/2025\/11\/Labreva_Logo_RGB_5.svg","contentUrl":"https:\/\/labreva.com\/wp-content\/uploads\/2025\/11\/Labreva_Logo_RGB_5.svg","caption":"LABREVA - Feriendomizile am Comer See"},"image":{"@id":"https:\/\/labreva.com\/de\/#\/schema\/logo\/image\/"}},{"@type":"Person","@id":"https:\/\/labreva.com\/de\/#\/schema\/person\/3d3252f644922b8a1d4e1cdcdd1c8369","name":"admin_xrPcOR73cNm9o1lnBnzC1xiFyF","image":{"@type":"ImageObject","inLanguage":"de","@id":"https:\/\/secure.gravatar.com\/avatar\/3e9ae8c9345d557659d8111b66a89666af430d2d83ac50439fa78530db3797a6?s=96&d=mm&r=g","url":"https:\/\/secure.gravatar.com\/avatar\/3e9ae8c9345d557659d8111b66a89666af430d2d83ac50439fa78530db3797a6?s=96&d=mm&r=g","contentUrl":"https:\/\/secure.gravatar.com\/avatar\/3e9ae8c9345d557659d8111b66a89666af430d2d83ac50439fa78530db3797a6?s=96&d=mm&r=g","caption":"admin_xrPcOR73cNm9o1lnBnzC1xiFyF"},"sameAs":["https:\/\/labreva.com"]}]}},"_links":{"self":[{"href":"https:\/\/labreva.com\/de\/wp-json\/wp\/v2\/posts\/8885","targetHints":{"allow":["GET"]}}],"collection":[{"href":"https:\/\/labreva.com\/de\/wp-json\/wp\/v2\/posts"}],"about":[{"href":"https:\/\/labreva.com\/de\/wp-json\/wp\/v2\/types\/post"}],"author":[{"embeddable":true,"href":"https:\/\/labreva.com\/de\/wp-json\/wp\/v2\/users\/1"}],"replies":[{"embeddable":true,"href":"https:\/\/labreva.com\/de\/wp-json\/wp\/v2\/comments?post=8885"}],"version-history":[{"count":3,"href":"https:\/\/labreva.com\/de\/wp-json\/wp\/v2\/posts\/8885\/revisions"}],"predecessor-version":[{"id":77817,"href":"https:\/\/labreva.com\/de\/wp-json\/wp\/v2\/posts\/8885\/revisions\/77817"}],"wp:featuredmedia":[{"embeddable":true,"href":"https:\/\/labreva.com\/de\/wp-json\/wp\/v2\/media\/78414"}],"wp:attachment":[{"href":"https:\/\/labreva.com\/de\/wp-json\/wp\/v2\/media?parent=8885"}],"wp:term":[{"taxonomy":"category","embeddable":true,"href":"https:\/\/labreva.com\/de\/wp-json\/wp\/v2\/categories?post=8885"},{"taxonomy":"post_tag","embeddable":true,"href":"https:\/\/labreva.com\/de\/wp-json\/wp\/v2\/tags?post=8885"}],"curies":[{"name":"wp","href":"https:\/\/api.w.org\/{rel}","templated":true}]}}