{"id":8859,"date":"2022-07-06T14:28:15","date_gmt":"2022-07-06T12:28:15","guid":{"rendered":"https:\/\/labreva.com\/?p=1846"},"modified":"2025-12-15T10:38:48","modified_gmt":"2025-12-15T09:38:48","slug":"construire-con-la-seta-ausstellung-in-como-die-welthauptstadt-der-seide","status":"publish","type":"post","link":"https:\/\/labreva.com\/de\/construire-con-la-seta-ausstellung-in-como-die-welthauptstadt-der-seide\/","title":{"rendered":"Construire con la seta &#8211; Ausstellung in Como, die Welthauptstadt der Seide"},"content":{"rendered":"\t\t<div data-elementor-type=\"wp-post\" data-elementor-id=\"8859\" class=\"elementor elementor-8859\" data-elementor-post-type=\"post\">\n\t\t\t\t\t\t<section class=\"elementor-section elementor-top-section elementor-element elementor-element-5ec2a972 elementor-section-boxed elementor-section-height-default elementor-section-height-default\" data-id=\"5ec2a972\" data-element_type=\"section\" data-e-type=\"section\">\n\t\t\t\t\t\t<div class=\"elementor-container elementor-column-gap-default\">\n\t\t\t\t\t<div class=\"elementor-column elementor-col-100 elementor-top-column elementor-element elementor-element-336410c8\" data-id=\"336410c8\" data-element_type=\"column\" data-e-type=\"column\">\n\t\t\t<div class=\"elementor-widget-wrap elementor-element-populated\">\n\t\t\t\t\t\t<div class=\"elementor-element elementor-element-4f093ed1 elementor-widget elementor-widget-text-editor\" data-id=\"4f093ed1\" data-element_type=\"widget\" data-e-type=\"widget\" data-widget_type=\"text-editor.default\">\n\t\t\t\t\t\t\t\t\t\n<p><a href=\"https:\/\/labreva.com\/files\/images\/blog\/museo-seta-como-05.jpg\"><\/a><\/p>\n\t\t\t\t\t\t\t\t<\/div>\n\t\t\t\t\t<\/div>\n\t\t<\/div>\n\t\t\t\t\t<\/div>\n\t\t<\/section>\n\t\t\t\t<section class=\"elementor-section elementor-top-section elementor-element elementor-element-d4d7698 elementor-section-boxed elementor-section-height-default elementor-section-height-default\" data-id=\"d4d7698\" data-element_type=\"section\" data-e-type=\"section\">\n\t\t\t\t\t\t<div class=\"elementor-container elementor-column-gap-default\">\n\t\t\t\t\t<div class=\"elementor-column elementor-col-100 elementor-top-column elementor-element elementor-element-105ecf3\" data-id=\"105ecf3\" data-element_type=\"column\" data-e-type=\"column\">\n\t\t\t<div class=\"elementor-widget-wrap elementor-element-populated\">\n\t\t\t\t\t\t<div class=\"elementor-element elementor-element-676eff4 elementor-widget elementor-widget-heading\" data-id=\"676eff4\" data-element_type=\"widget\" data-e-type=\"widget\" data-widget_type=\"heading.default\">\n\t\t\t\t\t<h2 class=\"elementor-heading-title elementor-size-default\">Construire con la seta \u2013 Ausstellung in Como, die Welthauptstadt der Seide<\/h2>\t\t\t\t<\/div>\n\t\t\t\t\t<\/div>\n\t\t<\/div>\n\t\t\t\t\t<\/div>\n\t\t<\/section>\n\t\t\t\t<section class=\"elementor-section elementor-top-section elementor-element elementor-element-b28148b elementor-section-boxed elementor-section-height-default elementor-section-height-default\" data-id=\"b28148b\" data-element_type=\"section\" data-e-type=\"section\">\n\t\t\t\t\t\t<div class=\"elementor-container elementor-column-gap-default\">\n\t\t\t\t\t<div class=\"elementor-column elementor-col-100 elementor-top-column elementor-element elementor-element-31851fb\" data-id=\"31851fb\" data-element_type=\"column\" data-e-type=\"column\">\n\t\t\t<div class=\"elementor-widget-wrap elementor-element-populated\">\n\t\t\t\t\t\t<div class=\"elementor-element elementor-element-73a74de elementor-widget elementor-widget-heading\" data-id=\"73a74de\" data-element_type=\"widget\" data-e-type=\"widget\" data-widget_type=\"heading.default\">\n\t\t\t\t\t<h4 class=\"elementor-heading-title elementor-size-default\">Ausstellung in Como, die Welthauptstadt der Seide<\/h4>\t\t\t\t<\/div>\n\t\t\t\t\t<\/div>\n\t\t<\/div>\n\t\t\t\t\t<\/div>\n\t\t<\/section>\n\t\t\t\t<section class=\"elementor-section elementor-top-section elementor-element elementor-element-e34b58d elementor-section-boxed elementor-section-height-default elementor-section-height-default\" data-id=\"e34b58d\" data-element_type=\"section\" data-e-type=\"section\">\n\t\t\t\t\t\t<div class=\"elementor-container elementor-column-gap-default\">\n\t\t\t\t\t<div class=\"elementor-column elementor-col-100 elementor-top-column elementor-element elementor-element-1adc820\" data-id=\"1adc820\" data-element_type=\"column\" data-e-type=\"column\">\n\t\t\t<div class=\"elementor-widget-wrap elementor-element-populated\">\n\t\t\t\t\t\t<div class=\"elementor-element elementor-element-eed6f62 elementor-widget elementor-widget-text-editor\" data-id=\"eed6f62\" data-element_type=\"widget\" data-e-type=\"widget\" data-widget_type=\"text-editor.default\">\n\t\t\t\t\t\t\t\t\t<p><strong>Mostra Antonio Ratti, costruire con la seta von 15\/12\/17 bis 15\/04\/18 &#8211; COMO<\/strong><\/p>\n<p>Wenn Sie die Geheimnisse der ber\u00fchmten Como Seide entdecken m\u00f6chten, sollten Sie sich diese sch\u00f6ne Ausstellung in der Villa Scuota nicht entgehen lassen.<\/p>\n<p>Genie\u00dfen Sie einen Spaziergang durch die G\u00e4rten dieses magischen Ortes und entdecken Sie die Geschichte von Antonio Ratti, dem gro\u00dfen Unternehmer, der die Textilindustrie von Como weltweit ber\u00fchmt gemacht hat.<br \/>Villa Sucota, via per Cernobbio 19, Como.<br \/>Montag bis Freitag, von 10.00 Uhr bis 13.00 Uhr und von 14.30 Uhr bis 17.30 Uhr.<\/p>\n<p>\u00a0<\/p>\n<p><strong><img fetchpriority=\"high\" decoding=\"async\" class=\"size-full wp-image-1850 alignleft\" src=\"https:\/\/labreva.com\/wp-content\/uploads\/2022\/07\/museo-seta-como-03s-08c9e83c.jpg\" alt=\"\" width=\"300\" height=\"200\" \/>Das Seidenmuseum von Como \/ Museo Didattico della Seta<br \/><\/strong>Sowohl in der Vergangenheit als auch in der Gegenwart ist Como das weltweite Zentrum der Seidenindustrie.<br \/>Como Via Castelnuovo, 9 &#8211; 22100 Como<br \/>Tel.\/Fax +39 (0)31 303 180<br \/>e-mail: <a href=\"mailto:info@museosetacomo.com\">info@museosetacomo.com<\/a><br \/><br \/>Bilder \u00a9 : http:\/\/<a href=\"http:\/\/www.museosetacomo.com\">www.museosetacomo.com<\/a><\/p>\t\t\t\t\t\t\t\t<\/div>\n\t\t\t\t\t<\/div>\n\t\t<\/div>\n\t\t\t\t\t<\/div>\n\t\t<\/section>\n\t\t\t\t<section class=\"elementor-section elementor-top-section elementor-element elementor-element-e17ca1d elementor-section-boxed elementor-section-height-default elementor-section-height-default\" data-id=\"e17ca1d\" data-element_type=\"section\" data-e-type=\"section\">\n\t\t\t\t\t\t<div class=\"elementor-container elementor-column-gap-default\">\n\t\t\t\t\t<div class=\"elementor-column elementor-col-100 elementor-top-column elementor-element elementor-element-ff500d4\" data-id=\"ff500d4\" data-element_type=\"column\" data-e-type=\"column\">\n\t\t\t<div class=\"elementor-widget-wrap elementor-element-populated\">\n\t\t\t\t\t\t<div class=\"elementor-element elementor-element-3c3b1e4 elementor-widget elementor-widget-heading\" data-id=\"3c3b1e4\" data-element_type=\"widget\" data-e-type=\"widget\" data-widget_type=\"heading.default\">\n\t\t\t\t\t<h4 class=\"elementor-heading-title elementor-size-default\">Die passende Unterkunft?<\/h4>\t\t\t\t<\/div>\n\t\t\t\t\t<\/div>\n\t\t<\/div>\n\t\t\t\t\t<\/div>\n\t\t<\/section>\n\t\t\t\t<section class=\"elementor-section elementor-top-section elementor-element elementor-element-3aa5e77 elementor-section-boxed elementor-section-height-default elementor-section-height-default\" data-id=\"3aa5e77\" data-element_type=\"section\" data-e-type=\"section\">\n\t\t\t\t\t\t<div class=\"elementor-container elementor-column-gap-default\">\n\t\t\t\t\t<div class=\"elementor-column elementor-col-100 elementor-top-column elementor-element elementor-element-c927629\" data-id=\"c927629\" data-element_type=\"column\" data-e-type=\"column\">\n\t\t\t<div class=\"elementor-widget-wrap elementor-element-populated\">\n\t\t\t\t\t\t<div class=\"elementor-element elementor-element-2ee8a9b elementor-widget elementor-widget-text-editor\" data-id=\"2ee8a9b\" data-element_type=\"widget\" data-e-type=\"widget\" data-widget_type=\"text-editor.default\">\n\t\t\t\t\t\t\t\t\t<div class=\"detailcontainer_right\"><div class=\"ce_text block\"><p><img decoding=\"async\" class=\"size-full wp-image-1842 alignleft\" src=\"https:\/\/labreva.com\/wp-content\/uploads\/2022\/07\/maria-m-39b670bd.jpg\" alt=\"\" width=\"150\" height=\"190\" \/>Finden Sie Ihr perfektes Feriendomizil:<\/p><p><a title=\"Feriendomizile in der N\u00e4he von Colico und Bucht Piona\" href=\"https:\/\/labreva.com\/suchenbuchen\/\">Feriendomizile in der N\u00e4he finden und buchen \u00bb<\/a><\/p><p>Fragen? Wir helfen bei der Auswahl und vermitteln Ihnen das richtige Feriendomizil.<\/p><p><a title=\"Personliche Beratung\" href=\"https:\/\/labreva.com\/kontakt\/\">Fragen Sie uns \u00bb<\/a><\/p><\/div><\/div>\t\t\t\t\t\t\t\t<\/div>\n\t\t\t\t\t<\/div>\n\t\t<\/div>\n\t\t\t\t\t<\/div>\n\t\t<\/section>\n\t\t\t\t<\/div>\n\t\t","protected":false},"excerpt":{"rendered":"<p>Mostra Antonio Ratti, costruire con la seta von 15\/12\/17 bis 15\/04\/18 &#8211; COMO Wenn Sie die Geheimnisse der ber\u00fchmten Como Seide entdecken m\u00f6chten, sollten Sie&#8230;<\/p>\n","protected":false},"author":1,"featured_media":78190,"comment_status":"open","ping_status":"open","sticky":false,"template":"","format":"standard","meta":{"_acf_changed":false,"footnotes":""},"categories":[1],"tags":[],"class_list":["post-8859","post","type-post","status-publish","format-standard","has-post-thumbnail","hentry","category-nicht-kategorisiert"],"acf":[],"yoast_head":"<!-- This site is optimized with the Yoast SEO plugin v27.3 - https:\/\/yoast.com\/product\/yoast-seo-wordpress\/ -->\n<title>Construire con la seta - Ausstellung in Como, die Welthauptstadt der Seide - LABREVA - Feriendomizile am Comer See<\/title>\n<meta name=\"robots\" content=\"index, follow, max-snippet:-1, max-image-preview:large, max-video-preview:-1\" \/>\n<link rel=\"canonical\" href=\"https:\/\/labreva.com\/de\/construire-con-la-seta-ausstellung-in-como-die-welthauptstadt-der-seide\/\" \/>\n<meta property=\"og:locale\" content=\"de_DE\" \/>\n<meta property=\"og:type\" content=\"article\" \/>\n<meta property=\"og:title\" content=\"Construire con la seta - Ausstellung in Como, die Welthauptstadt der Seide - LABREVA - Feriendomizile am Comer See\" \/>\n<meta property=\"og:description\" content=\"Mostra Antonio Ratti, costruire con la seta von 15\/12\/17 bis 15\/04\/18 - COMO Wenn Sie die Geheimnisse der ber\u00fchmten Como Seide entdecken m\u00f6chten, sollten Sie...\" \/>\n<meta property=\"og:url\" content=\"https:\/\/labreva.com\/de\/construire-con-la-seta-ausstellung-in-como-die-welthauptstadt-der-seide\/\" \/>\n<meta property=\"og:site_name\" content=\"LABREVA - Feriendomizile am Comer See\" \/>\n<meta property=\"article:published_time\" content=\"2022-07-06T12:28:15+00:00\" \/>\n<meta property=\"article:modified_time\" content=\"2025-12-15T09:38:48+00:00\" \/>\n<meta property=\"og:image\" content=\"https:\/\/labreva.com\/wp-content\/uploads\/2022\/07\/museo-seta-como-05-1.jpg\" \/>\n\t<meta property=\"og:image:width\" content=\"1000\" \/>\n\t<meta property=\"og:image:height\" content=\"319\" \/>\n\t<meta property=\"og:image:type\" content=\"image\/jpeg\" \/>\n<meta name=\"author\" content=\"admin_xrPcOR73cNm9o1lnBnzC1xiFyF\" \/>\n<meta name=\"twitter:card\" content=\"summary_large_image\" \/>\n<meta name=\"twitter:label1\" content=\"Verfasst von\" \/>\n\t<meta name=\"twitter:data1\" content=\"admin_xrPcOR73cNm9o1lnBnzC1xiFyF\" \/>\n\t<meta name=\"twitter:label2\" content=\"Gesch\u00e4tzte Lesezeit\" \/>\n\t<meta name=\"twitter:data2\" content=\"2\u00a0Minuten\" \/>\n<script type=\"application\/ld+json\" class=\"yoast-schema-graph\">{\"@context\":\"https:\\\/\\\/schema.org\",\"@graph\":[{\"@type\":\"Article\",\"@id\":\"https:\\\/\\\/labreva.com\\\/de\\\/construire-con-la-seta-ausstellung-in-como-die-welthauptstadt-der-seide\\\/#article\",\"isPartOf\":{\"@id\":\"https:\\\/\\\/labreva.com\\\/de\\\/construire-con-la-seta-ausstellung-in-como-die-welthauptstadt-der-seide\\\/\"},\"author\":{\"name\":\"admin_xrPcOR73cNm9o1lnBnzC1xiFyF\",\"@id\":\"https:\\\/\\\/labreva.com\\\/de\\\/#\\\/schema\\\/person\\\/3d3252f644922b8a1d4e1cdcdd1c8369\"},\"headline\":\"Construire con la seta &#8211; Ausstellung in Como, die Welthauptstadt der Seide\",\"datePublished\":\"2022-07-06T12:28:15+00:00\",\"dateModified\":\"2025-12-15T09:38:48+00:00\",\"mainEntityOfPage\":{\"@id\":\"https:\\\/\\\/labreva.com\\\/de\\\/construire-con-la-seta-ausstellung-in-como-die-welthauptstadt-der-seide\\\/\"},\"wordCount\":189,\"commentCount\":0,\"publisher\":{\"@id\":\"https:\\\/\\\/labreva.com\\\/de\\\/#organization\"},\"image\":{\"@id\":\"https:\\\/\\\/labreva.com\\\/de\\\/construire-con-la-seta-ausstellung-in-como-die-welthauptstadt-der-seide\\\/#primaryimage\"},\"thumbnailUrl\":\"https:\\\/\\\/labreva.com\\\/wp-content\\\/uploads\\\/2022\\\/07\\\/museo-seta-como-05-1.jpg\",\"articleSection\":[\"Nicht kategorisiert\"],\"inLanguage\":\"de\",\"potentialAction\":[{\"@type\":\"CommentAction\",\"name\":\"Comment\",\"target\":[\"https:\\\/\\\/labreva.com\\\/de\\\/construire-con-la-seta-ausstellung-in-como-die-welthauptstadt-der-seide\\\/#respond\"]}]},{\"@type\":\"WebPage\",\"@id\":\"https:\\\/\\\/labreva.com\\\/de\\\/construire-con-la-seta-ausstellung-in-como-die-welthauptstadt-der-seide\\\/\",\"url\":\"https:\\\/\\\/labreva.com\\\/de\\\/construire-con-la-seta-ausstellung-in-como-die-welthauptstadt-der-seide\\\/\",\"name\":\"Construire con la seta - Ausstellung in Como, die Welthauptstadt der Seide - LABREVA - Feriendomizile am Comer See\",\"isPartOf\":{\"@id\":\"https:\\\/\\\/labreva.com\\\/de\\\/#website\"},\"primaryImageOfPage\":{\"@id\":\"https:\\\/\\\/labreva.com\\\/de\\\/construire-con-la-seta-ausstellung-in-como-die-welthauptstadt-der-seide\\\/#primaryimage\"},\"image\":{\"@id\":\"https:\\\/\\\/labreva.com\\\/de\\\/construire-con-la-seta-ausstellung-in-como-die-welthauptstadt-der-seide\\\/#primaryimage\"},\"thumbnailUrl\":\"https:\\\/\\\/labreva.com\\\/wp-content\\\/uploads\\\/2022\\\/07\\\/museo-seta-como-05-1.jpg\",\"datePublished\":\"2022-07-06T12:28:15+00:00\",\"dateModified\":\"2025-12-15T09:38:48+00:00\",\"breadcrumb\":{\"@id\":\"https:\\\/\\\/labreva.com\\\/de\\\/construire-con-la-seta-ausstellung-in-como-die-welthauptstadt-der-seide\\\/#breadcrumb\"},\"inLanguage\":\"de\",\"potentialAction\":[{\"@type\":\"ReadAction\",\"target\":[\"https:\\\/\\\/labreva.com\\\/de\\\/construire-con-la-seta-ausstellung-in-como-die-welthauptstadt-der-seide\\\/\"]}]},{\"@type\":\"ImageObject\",\"inLanguage\":\"de\",\"@id\":\"https:\\\/\\\/labreva.com\\\/de\\\/construire-con-la-seta-ausstellung-in-como-die-welthauptstadt-der-seide\\\/#primaryimage\",\"url\":\"https:\\\/\\\/labreva.com\\\/wp-content\\\/uploads\\\/2022\\\/07\\\/museo-seta-como-05-1.jpg\",\"contentUrl\":\"https:\\\/\\\/labreva.com\\\/wp-content\\\/uploads\\\/2022\\\/07\\\/museo-seta-como-05-1.jpg\",\"width\":1000,\"height\":319,\"caption\":\"Museum am Comer See\"},{\"@type\":\"BreadcrumbList\",\"@id\":\"https:\\\/\\\/labreva.com\\\/de\\\/construire-con-la-seta-ausstellung-in-como-die-welthauptstadt-der-seide\\\/#breadcrumb\",\"itemListElement\":[{\"@type\":\"ListItem\",\"position\":1,\"name\":\"Startseite\",\"item\":\"https:\\\/\\\/labreva.com\\\/de\\\/\"},{\"@type\":\"ListItem\",\"position\":2,\"name\":\"Construire con la seta &#8211; Ausstellung in Como, die Welthauptstadt der Seide\"}]},{\"@type\":\"WebSite\",\"@id\":\"https:\\\/\\\/labreva.com\\\/de\\\/#website\",\"url\":\"https:\\\/\\\/labreva.com\\\/de\\\/\",\"name\":\"LABREVA - Feriendomizile am Comer See\",\"description\":\"\",\"publisher\":{\"@id\":\"https:\\\/\\\/labreva.com\\\/de\\\/#organization\"},\"potentialAction\":[{\"@type\":\"SearchAction\",\"target\":{\"@type\":\"EntryPoint\",\"urlTemplate\":\"https:\\\/\\\/labreva.com\\\/de\\\/?s={search_term_string}\"},\"query-input\":{\"@type\":\"PropertyValueSpecification\",\"valueRequired\":true,\"valueName\":\"search_term_string\"}}],\"inLanguage\":\"de\"},{\"@type\":\"Organization\",\"@id\":\"https:\\\/\\\/labreva.com\\\/de\\\/#organization\",\"name\":\"LABREVA - Feriendomizile am Comer See\",\"url\":\"https:\\\/\\\/labreva.com\\\/de\\\/\",\"logo\":{\"@type\":\"ImageObject\",\"inLanguage\":\"de\",\"@id\":\"https:\\\/\\\/labreva.com\\\/de\\\/#\\\/schema\\\/logo\\\/image\\\/\",\"url\":\"https:\\\/\\\/labreva.com\\\/wp-content\\\/uploads\\\/2025\\\/11\\\/Labreva_Logo_RGB_5.svg\",\"contentUrl\":\"https:\\\/\\\/labreva.com\\\/wp-content\\\/uploads\\\/2025\\\/11\\\/Labreva_Logo_RGB_5.svg\",\"caption\":\"LABREVA - Feriendomizile am Comer See\"},\"image\":{\"@id\":\"https:\\\/\\\/labreva.com\\\/de\\\/#\\\/schema\\\/logo\\\/image\\\/\"}},{\"@type\":\"Person\",\"@id\":\"https:\\\/\\\/labreva.com\\\/de\\\/#\\\/schema\\\/person\\\/3d3252f644922b8a1d4e1cdcdd1c8369\",\"name\":\"admin_xrPcOR73cNm9o1lnBnzC1xiFyF\",\"image\":{\"@type\":\"ImageObject\",\"inLanguage\":\"de\",\"@id\":\"https:\\\/\\\/secure.gravatar.com\\\/avatar\\\/3e9ae8c9345d557659d8111b66a89666af430d2d83ac50439fa78530db3797a6?s=96&d=mm&r=g\",\"url\":\"https:\\\/\\\/secure.gravatar.com\\\/avatar\\\/3e9ae8c9345d557659d8111b66a89666af430d2d83ac50439fa78530db3797a6?s=96&d=mm&r=g\",\"contentUrl\":\"https:\\\/\\\/secure.gravatar.com\\\/avatar\\\/3e9ae8c9345d557659d8111b66a89666af430d2d83ac50439fa78530db3797a6?s=96&d=mm&r=g\",\"caption\":\"admin_xrPcOR73cNm9o1lnBnzC1xiFyF\"},\"sameAs\":[\"https:\\\/\\\/labreva.com\"]}]}<\/script>\n<!-- \/ Yoast SEO plugin. -->","yoast_head_json":{"title":"Construire con la seta - Ausstellung in Como, die Welthauptstadt der Seide - LABREVA - Feriendomizile am Comer See","robots":{"index":"index","follow":"follow","max-snippet":"max-snippet:-1","max-image-preview":"max-image-preview:large","max-video-preview":"max-video-preview:-1"},"canonical":"https:\/\/labreva.com\/de\/construire-con-la-seta-ausstellung-in-como-die-welthauptstadt-der-seide\/","og_locale":"de_DE","og_type":"article","og_title":"Construire con la seta - Ausstellung in Como, die Welthauptstadt der Seide - LABREVA - Feriendomizile am Comer See","og_description":"Mostra Antonio Ratti, costruire con la seta von 15\/12\/17 bis 15\/04\/18 - COMO Wenn Sie die Geheimnisse der ber\u00fchmten Como Seide entdecken m\u00f6chten, sollten Sie...","og_url":"https:\/\/labreva.com\/de\/construire-con-la-seta-ausstellung-in-como-die-welthauptstadt-der-seide\/","og_site_name":"LABREVA - Feriendomizile am Comer See","article_published_time":"2022-07-06T12:28:15+00:00","article_modified_time":"2025-12-15T09:38:48+00:00","og_image":[{"width":1000,"height":319,"url":"https:\/\/labreva.com\/wp-content\/uploads\/2022\/07\/museo-seta-como-05-1.jpg","type":"image\/jpeg"}],"author":"admin_xrPcOR73cNm9o1lnBnzC1xiFyF","twitter_card":"summary_large_image","twitter_misc":{"Verfasst von":"admin_xrPcOR73cNm9o1lnBnzC1xiFyF","Gesch\u00e4tzte Lesezeit":"2\u00a0Minuten"},"schema":{"@context":"https:\/\/schema.org","@graph":[{"@type":"Article","@id":"https:\/\/labreva.com\/de\/construire-con-la-seta-ausstellung-in-como-die-welthauptstadt-der-seide\/#article","isPartOf":{"@id":"https:\/\/labreva.com\/de\/construire-con-la-seta-ausstellung-in-como-die-welthauptstadt-der-seide\/"},"author":{"name":"admin_xrPcOR73cNm9o1lnBnzC1xiFyF","@id":"https:\/\/labreva.com\/de\/#\/schema\/person\/3d3252f644922b8a1d4e1cdcdd1c8369"},"headline":"Construire con la seta &#8211; Ausstellung in Como, die Welthauptstadt der Seide","datePublished":"2022-07-06T12:28:15+00:00","dateModified":"2025-12-15T09:38:48+00:00","mainEntityOfPage":{"@id":"https:\/\/labreva.com\/de\/construire-con-la-seta-ausstellung-in-como-die-welthauptstadt-der-seide\/"},"wordCount":189,"commentCount":0,"publisher":{"@id":"https:\/\/labreva.com\/de\/#organization"},"image":{"@id":"https:\/\/labreva.com\/de\/construire-con-la-seta-ausstellung-in-como-die-welthauptstadt-der-seide\/#primaryimage"},"thumbnailUrl":"https:\/\/labreva.com\/wp-content\/uploads\/2022\/07\/museo-seta-como-05-1.jpg","articleSection":["Nicht kategorisiert"],"inLanguage":"de","potentialAction":[{"@type":"CommentAction","name":"Comment","target":["https:\/\/labreva.com\/de\/construire-con-la-seta-ausstellung-in-como-die-welthauptstadt-der-seide\/#respond"]}]},{"@type":"WebPage","@id":"https:\/\/labreva.com\/de\/construire-con-la-seta-ausstellung-in-como-die-welthauptstadt-der-seide\/","url":"https:\/\/labreva.com\/de\/construire-con-la-seta-ausstellung-in-como-die-welthauptstadt-der-seide\/","name":"Construire con la seta - Ausstellung in Como, die Welthauptstadt der Seide - LABREVA - Feriendomizile am Comer See","isPartOf":{"@id":"https:\/\/labreva.com\/de\/#website"},"primaryImageOfPage":{"@id":"https:\/\/labreva.com\/de\/construire-con-la-seta-ausstellung-in-como-die-welthauptstadt-der-seide\/#primaryimage"},"image":{"@id":"https:\/\/labreva.com\/de\/construire-con-la-seta-ausstellung-in-como-die-welthauptstadt-der-seide\/#primaryimage"},"thumbnailUrl":"https:\/\/labreva.com\/wp-content\/uploads\/2022\/07\/museo-seta-como-05-1.jpg","datePublished":"2022-07-06T12:28:15+00:00","dateModified":"2025-12-15T09:38:48+00:00","breadcrumb":{"@id":"https:\/\/labreva.com\/de\/construire-con-la-seta-ausstellung-in-como-die-welthauptstadt-der-seide\/#breadcrumb"},"inLanguage":"de","potentialAction":[{"@type":"ReadAction","target":["https:\/\/labreva.com\/de\/construire-con-la-seta-ausstellung-in-como-die-welthauptstadt-der-seide\/"]}]},{"@type":"ImageObject","inLanguage":"de","@id":"https:\/\/labreva.com\/de\/construire-con-la-seta-ausstellung-in-como-die-welthauptstadt-der-seide\/#primaryimage","url":"https:\/\/labreva.com\/wp-content\/uploads\/2022\/07\/museo-seta-como-05-1.jpg","contentUrl":"https:\/\/labreva.com\/wp-content\/uploads\/2022\/07\/museo-seta-como-05-1.jpg","width":1000,"height":319,"caption":"Museum am Comer See"},{"@type":"BreadcrumbList","@id":"https:\/\/labreva.com\/de\/construire-con-la-seta-ausstellung-in-como-die-welthauptstadt-der-seide\/#breadcrumb","itemListElement":[{"@type":"ListItem","position":1,"name":"Startseite","item":"https:\/\/labreva.com\/de\/"},{"@type":"ListItem","position":2,"name":"Construire con la seta &#8211; Ausstellung in Como, die Welthauptstadt der Seide"}]},{"@type":"WebSite","@id":"https:\/\/labreva.com\/de\/#website","url":"https:\/\/labreva.com\/de\/","name":"LABREVA - Feriendomizile am Comer See","description":"","publisher":{"@id":"https:\/\/labreva.com\/de\/#organization"},"potentialAction":[{"@type":"SearchAction","target":{"@type":"EntryPoint","urlTemplate":"https:\/\/labreva.com\/de\/?s={search_term_string}"},"query-input":{"@type":"PropertyValueSpecification","valueRequired":true,"valueName":"search_term_string"}}],"inLanguage":"de"},{"@type":"Organization","@id":"https:\/\/labreva.com\/de\/#organization","name":"LABREVA - Feriendomizile am Comer See","url":"https:\/\/labreva.com\/de\/","logo":{"@type":"ImageObject","inLanguage":"de","@id":"https:\/\/labreva.com\/de\/#\/schema\/logo\/image\/","url":"https:\/\/labreva.com\/wp-content\/uploads\/2025\/11\/Labreva_Logo_RGB_5.svg","contentUrl":"https:\/\/labreva.com\/wp-content\/uploads\/2025\/11\/Labreva_Logo_RGB_5.svg","caption":"LABREVA - Feriendomizile am Comer See"},"image":{"@id":"https:\/\/labreva.com\/de\/#\/schema\/logo\/image\/"}},{"@type":"Person","@id":"https:\/\/labreva.com\/de\/#\/schema\/person\/3d3252f644922b8a1d4e1cdcdd1c8369","name":"admin_xrPcOR73cNm9o1lnBnzC1xiFyF","image":{"@type":"ImageObject","inLanguage":"de","@id":"https:\/\/secure.gravatar.com\/avatar\/3e9ae8c9345d557659d8111b66a89666af430d2d83ac50439fa78530db3797a6?s=96&d=mm&r=g","url":"https:\/\/secure.gravatar.com\/avatar\/3e9ae8c9345d557659d8111b66a89666af430d2d83ac50439fa78530db3797a6?s=96&d=mm&r=g","contentUrl":"https:\/\/secure.gravatar.com\/avatar\/3e9ae8c9345d557659d8111b66a89666af430d2d83ac50439fa78530db3797a6?s=96&d=mm&r=g","caption":"admin_xrPcOR73cNm9o1lnBnzC1xiFyF"},"sameAs":["https:\/\/labreva.com"]}]}},"_links":{"self":[{"href":"https:\/\/labreva.com\/de\/wp-json\/wp\/v2\/posts\/8859","targetHints":{"allow":["GET"]}}],"collection":[{"href":"https:\/\/labreva.com\/de\/wp-json\/wp\/v2\/posts"}],"about":[{"href":"https:\/\/labreva.com\/de\/wp-json\/wp\/v2\/types\/post"}],"author":[{"embeddable":true,"href":"https:\/\/labreva.com\/de\/wp-json\/wp\/v2\/users\/1"}],"replies":[{"embeddable":true,"href":"https:\/\/labreva.com\/de\/wp-json\/wp\/v2\/comments?post=8859"}],"version-history":[{"count":4,"href":"https:\/\/labreva.com\/de\/wp-json\/wp\/v2\/posts\/8859\/revisions"}],"predecessor-version":[{"id":78194,"href":"https:\/\/labreva.com\/de\/wp-json\/wp\/v2\/posts\/8859\/revisions\/78194"}],"wp:featuredmedia":[{"embeddable":true,"href":"https:\/\/labreva.com\/de\/wp-json\/wp\/v2\/media\/78190"}],"wp:attachment":[{"href":"https:\/\/labreva.com\/de\/wp-json\/wp\/v2\/media?parent=8859"}],"wp:term":[{"taxonomy":"category","embeddable":true,"href":"https:\/\/labreva.com\/de\/wp-json\/wp\/v2\/categories?post=8859"},{"taxonomy":"post_tag","embeddable":true,"href":"https:\/\/labreva.com\/de\/wp-json\/wp\/v2\/tags?post=8859"}],"curies":[{"name":"wp","href":"https:\/\/api.w.org\/{rel}","templated":true}]}}