{"id":8853,"date":"2022-07-06T11:58:34","date_gmt":"2022-07-06T09:58:34","guid":{"rendered":"https:\/\/labreva.com\/?p=1772"},"modified":"2025-12-15T11:01:26","modified_gmt":"2025-12-15T10:01:26","slug":"fewo-am-comer-see","status":"publish","type":"post","link":"https:\/\/labreva.com\/de\/fewo-am-comer-see\/","title":{"rendered":"FEWO am Comer See"},"content":{"rendered":"\t\t<div data-elementor-type=\"wp-post\" data-elementor-id=\"8853\" class=\"elementor elementor-8853\" data-elementor-post-type=\"post\">\n\t\t\t\t\t\t<section class=\"elementor-section elementor-top-section elementor-element elementor-element-65f3c81 elementor-section-boxed elementor-section-height-default elementor-section-height-default\" data-id=\"65f3c81\" data-element_type=\"section\" data-e-type=\"section\">\n\t\t\t\t\t\t<div class=\"elementor-container elementor-column-gap-default\">\n\t\t\t\t\t<div class=\"elementor-column elementor-col-100 elementor-top-column elementor-element elementor-element-57caed7\" data-id=\"57caed7\" data-element_type=\"column\" data-e-type=\"column\">\n\t\t\t<div class=\"elementor-widget-wrap elementor-element-populated\">\n\t\t\t\t\t\t<div class=\"elementor-element elementor-element-650fc0a elementor-widget elementor-widget-heading\" data-id=\"650fc0a\" data-element_type=\"widget\" data-e-type=\"widget\" data-widget_type=\"heading.default\">\n\t\t\t\t\t<h2 class=\"elementor-heading-title elementor-size-default\">FEWO am Comer See<\/h2>\t\t\t\t<\/div>\n\t\t\t\t\t<\/div>\n\t\t<\/div>\n\t\t\t\t\t<\/div>\n\t\t<\/section>\n\t\t\t\t<section class=\"elementor-section elementor-top-section elementor-element elementor-element-8879c82 elementor-section-boxed elementor-section-height-default elementor-section-height-default\" data-id=\"8879c82\" data-element_type=\"section\" data-e-type=\"section\">\n\t\t\t\t\t\t<div class=\"elementor-container elementor-column-gap-default\">\n\t\t\t\t\t<div class=\"elementor-column elementor-col-100 elementor-top-column elementor-element elementor-element-56fe3a4\" data-id=\"56fe3a4\" data-element_type=\"column\" data-e-type=\"column\">\n\t\t\t<div class=\"elementor-widget-wrap elementor-element-populated\">\n\t\t\t\t\t\t<div class=\"elementor-element elementor-element-f51e9a5 elementor-widget elementor-widget-text-editor\" data-id=\"f51e9a5\" data-element_type=\"widget\" data-e-type=\"widget\" data-widget_type=\"text-editor.default\">\n\t\t\t\t\t\t\t\t\t<div class=\"layout_full block\"><div class=\"ce_text punkt block\"><p>LABREVA\u00ae bietet eine besondere Auswahl an\u00a0Comer See Fewo\u2019s\u00a0mit vielen Vorteilen und Komfort<\/p><p><strong>Gute Ausstattung:<\/strong>\u00a0Die Fewo\u2019s verf\u00fcgen \u00fcber eine gute Ausstattung und viele Annehmlichkeiten, wie Internet, Sat-TV, Geschirrsp\u00fcler, Waschmaschine, Bikedepot, Klimaanlage, \u00fcberdachte Au\u00dfenpl\u00e4tze, Pergolas, komfortable Gartenm\u00f6bel und Sonnenschutz.<\/p><p><strong>Gepr\u00fcfte Qualit\u00e4t:<\/strong>\u00a0Jede LABREVA Fewo ist qualit\u00e4tsgepr\u00fcft, preisgepr\u00fcft und viele Fewo&#8217;s sind probebewohnt. Dabei achten wir auf Komfort f\u00fcr Relax, Spiel und Sport und legen gro\u00dfen Wert darauf, dass unsere Fewo\u2018s ideal f\u00fcr einen\u00a0Ferienhaus-Urlaub mit Kindern\u00a0sind oder auch gehbequem mit wenig oder keinen Stufen.<\/p><p><strong>Traumhafte Lagen:<\/strong>\u00a0Unsere Fewo\u2019s liegen rund um den Comer See, je nach Wunsch direkt am See oder strandnah, in Hanglage mit Panoramablick oder direkt in einem der sch\u00f6nen Orte am Comer See.\u00a0<\/p><p><strong>Maximale Flexibilit\u00e4t:<\/strong>\u00a0Mieten Sie einzelne\u00a0private Fewo&#8217;s\u00a0oder mehrere Fewo&#8217;s zusammen mit Freunden, mit und ohne Pool. Neben den Fewo\u2019s bieten wir auch\u00a0Ferienanlagen, die besonders geeignet f\u00fcr Kinder sind, auch mit Kinder-Pool, Kinderspielger\u00e4ten, teilweise Bikedepots, Kamin, Sauna.\u00a0<\/p><p><strong>Sport &amp; Spiel:<\/strong>\u00a0Wichtig ist uns eine umfangreiche Freizeit-Ausstattung in Haus und Garten f\u00fcr Spiel &amp; Sport, wie Tischtennis, Badminton, Boccia, Tischfu\u00dfball, Basketball, Brett- und Kartenspiele im Haus.<\/p><p><strong>Preise:\u00a0<\/strong>Wir achten auf Ihr Budget und Ihren Geldbeutel. Unsere H\u00e4user pr\u00fcfen wir laufend auch hinsichtlich der Preise &#8211; nach dem Motto: Mehr Qualit\u00e4t f\u00fcr das gleiche Geld. F\u00fcr besonders Preisbewu\u00dfte gibt es unser Economic-Programm, ebenso qualit\u00e4tsbewu\u00dft.<\/p><p>F\u00fcr alle weiteren Fragen freut sich unser Beraterteam mit seinen Vor-Ort-Kenntnissen auf Sie.<br \/>Gerne suchen wir f\u00fcr Sie &#8211; nennen Sie uns Ihre W\u00fcnsche und freuen Sie sich \u00fcber eine selektierte Auswahl.<\/p><p><a title=\" Pers\u00f6nliche Urlaubsberatung\" href=\"https:\/\/labreva.com\/kontakt\/\">LA RBEVA\u00ae &#8211; Pers\u00f6nliche Beratung \u00bb<\/a><\/p><\/div><\/div>\t\t\t\t\t\t\t\t<\/div>\n\t\t\t\t\t<\/div>\n\t\t<\/div>\n\t\t\t\t\t<\/div>\n\t\t<\/section>\n\t\t\t\t<\/div>\n\t\t","protected":false},"excerpt":{"rendered":"<p>LABREVA bietet eine besondere Auswahl an Comer See Fewo\u2019s mit vielen Vorteilen und Komfort. Top- Ausstattung &#8211; Gepr\u00fcfte Qualit\u00e4t &#8211; Traumhafte Lagen &#8211; Sport &#038; Spiel-Service &#8211; Top- Preise&#8230;<\/p>\n<p>LABREVA bietet eine besondere Auswahl an Comer See Fewo\u2019s mit vielen Vorteilen und Komfort. Top- Ausstattung &#8211; Gepr\u00fcfte Qualit\u00e4t &#8211; Traumhafte Lagen &#8211; Sport &#038; Spiel-Service &#8211; Top- Preise&#8230;<\/p>\n","protected":false},"author":1,"featured_media":1773,"comment_status":"open","ping_status":"open","sticky":false,"template":"","format":"standard","meta":{"_acf_changed":false,"footnotes":""},"categories":[1],"tags":[],"class_list":["post-8853","post","type-post","status-publish","format-standard","has-post-thumbnail","hentry","category-nicht-kategorisiert"],"acf":[],"yoast_head":"<!-- This site is optimized with the Yoast SEO plugin v27.3 - https:\/\/yoast.com\/product\/yoast-seo-wordpress\/ -->\n<title>FEWO am Comer See - LABREVA - Feriendomizile am Comer See<\/title>\n<meta name=\"robots\" content=\"index, follow, max-snippet:-1, max-image-preview:large, max-video-preview:-1\" \/>\n<link rel=\"canonical\" href=\"https:\/\/labreva.com\/de\/fewo-am-comer-see\/\" \/>\n<meta property=\"og:locale\" content=\"de_DE\" \/>\n<meta property=\"og:type\" content=\"article\" \/>\n<meta property=\"og:title\" content=\"FEWO am Comer See - LABREVA - Feriendomizile am Comer See\" \/>\n<meta property=\"og:description\" content=\"LABREVA bietet eine besondere Auswahl an Comer See Fewo\u2019s mit vielen Vorteilen und Komfort. Top- Ausstattung - Gepr\u00fcfte Qualit\u00e4t - Traumhafte Lagen - Sport &amp; Spiel-Service - Top- Preise... LABREVA bietet eine besondere Auswahl an Comer See Fewo\u2019s mit vielen Vorteilen und Komfort. Top- Ausstattung - Gepr\u00fcfte Qualit\u00e4t - Traumhafte Lagen - Sport &amp; Spiel-Service - Top- Preise...\" \/>\n<meta property=\"og:url\" content=\"https:\/\/labreva.com\/de\/fewo-am-comer-see\/\" \/>\n<meta property=\"og:site_name\" content=\"LABREVA - Feriendomizile am Comer See\" \/>\n<meta property=\"article:published_time\" content=\"2022-07-06T09:58:34+00:00\" \/>\n<meta property=\"article:modified_time\" content=\"2025-12-15T10:01:26+00:00\" \/>\n<meta property=\"og:image\" content=\"https:\/\/labreva.com\/wp-content\/uploads\/2025\/11\/mf7860164.jpg\" \/>\n\t<meta property=\"og:image:width\" content=\"2048\" \/>\n\t<meta property=\"og:image:height\" content=\"1364\" \/>\n\t<meta property=\"og:image:type\" content=\"image\/jpeg\" \/>\n<meta name=\"author\" content=\"admin_xrPcOR73cNm9o1lnBnzC1xiFyF\" \/>\n<meta name=\"twitter:card\" content=\"summary_large_image\" \/>\n<meta name=\"twitter:label1\" content=\"Verfasst von\" \/>\n\t<meta name=\"twitter:data1\" content=\"admin_xrPcOR73cNm9o1lnBnzC1xiFyF\" \/>\n\t<meta name=\"twitter:label2\" content=\"Gesch\u00e4tzte Lesezeit\" \/>\n\t<meta name=\"twitter:data2\" content=\"2\u00a0Minuten\" \/>\n<script type=\"application\/ld+json\" class=\"yoast-schema-graph\">{\"@context\":\"https:\\\/\\\/schema.org\",\"@graph\":[{\"@type\":\"Article\",\"@id\":\"https:\\\/\\\/labreva.com\\\/de\\\/fewo-am-comer-see\\\/#article\",\"isPartOf\":{\"@id\":\"https:\\\/\\\/labreva.com\\\/de\\\/fewo-am-comer-see\\\/\"},\"author\":{\"name\":\"admin_xrPcOR73cNm9o1lnBnzC1xiFyF\",\"@id\":\"https:\\\/\\\/labreva.com\\\/de\\\/#\\\/schema\\\/person\\\/3d3252f644922b8a1d4e1cdcdd1c8369\"},\"headline\":\"FEWO am Comer See\",\"datePublished\":\"2022-07-06T09:58:34+00:00\",\"dateModified\":\"2025-12-15T10:01:26+00:00\",\"mainEntityOfPage\":{\"@id\":\"https:\\\/\\\/labreva.com\\\/de\\\/fewo-am-comer-see\\\/\"},\"wordCount\":305,\"commentCount\":0,\"publisher\":{\"@id\":\"https:\\\/\\\/labreva.com\\\/de\\\/#organization\"},\"image\":{\"@id\":\"https:\\\/\\\/labreva.com\\\/de\\\/fewo-am-comer-see\\\/#primaryimage\"},\"thumbnailUrl\":\"https:\\\/\\\/labreva.com\\\/wp-content\\\/uploads\\\/2025\\\/11\\\/mf7860164.jpg\",\"articleSection\":[\"Nicht kategorisiert\"],\"inLanguage\":\"de\",\"potentialAction\":[{\"@type\":\"CommentAction\",\"name\":\"Comment\",\"target\":[\"https:\\\/\\\/labreva.com\\\/de\\\/fewo-am-comer-see\\\/#respond\"]}]},{\"@type\":\"WebPage\",\"@id\":\"https:\\\/\\\/labreva.com\\\/de\\\/fewo-am-comer-see\\\/\",\"url\":\"https:\\\/\\\/labreva.com\\\/de\\\/fewo-am-comer-see\\\/\",\"name\":\"FEWO am Comer See - LABREVA - Feriendomizile am Comer See\",\"isPartOf\":{\"@id\":\"https:\\\/\\\/labreva.com\\\/de\\\/#website\"},\"primaryImageOfPage\":{\"@id\":\"https:\\\/\\\/labreva.com\\\/de\\\/fewo-am-comer-see\\\/#primaryimage\"},\"image\":{\"@id\":\"https:\\\/\\\/labreva.com\\\/de\\\/fewo-am-comer-see\\\/#primaryimage\"},\"thumbnailUrl\":\"https:\\\/\\\/labreva.com\\\/wp-content\\\/uploads\\\/2025\\\/11\\\/mf7860164.jpg\",\"datePublished\":\"2022-07-06T09:58:34+00:00\",\"dateModified\":\"2025-12-15T10:01:26+00:00\",\"breadcrumb\":{\"@id\":\"https:\\\/\\\/labreva.com\\\/de\\\/fewo-am-comer-see\\\/#breadcrumb\"},\"inLanguage\":\"de\",\"potentialAction\":[{\"@type\":\"ReadAction\",\"target\":[\"https:\\\/\\\/labreva.com\\\/de\\\/fewo-am-comer-see\\\/\"]}]},{\"@type\":\"ImageObject\",\"inLanguage\":\"de\",\"@id\":\"https:\\\/\\\/labreva.com\\\/de\\\/fewo-am-comer-see\\\/#primaryimage\",\"url\":\"https:\\\/\\\/labreva.com\\\/wp-content\\\/uploads\\\/2025\\\/11\\\/mf7860164.jpg\",\"contentUrl\":\"https:\\\/\\\/labreva.com\\\/wp-content\\\/uploads\\\/2025\\\/11\\\/mf7860164.jpg\",\"width\":2048,\"height\":1364},{\"@type\":\"BreadcrumbList\",\"@id\":\"https:\\\/\\\/labreva.com\\\/de\\\/fewo-am-comer-see\\\/#breadcrumb\",\"itemListElement\":[{\"@type\":\"ListItem\",\"position\":1,\"name\":\"Startseite\",\"item\":\"https:\\\/\\\/labreva.com\\\/de\\\/\"},{\"@type\":\"ListItem\",\"position\":2,\"name\":\"FEWO am Comer See\"}]},{\"@type\":\"WebSite\",\"@id\":\"https:\\\/\\\/labreva.com\\\/de\\\/#website\",\"url\":\"https:\\\/\\\/labreva.com\\\/de\\\/\",\"name\":\"LABREVA - Feriendomizile am Comer See\",\"description\":\"\",\"publisher\":{\"@id\":\"https:\\\/\\\/labreva.com\\\/de\\\/#organization\"},\"potentialAction\":[{\"@type\":\"SearchAction\",\"target\":{\"@type\":\"EntryPoint\",\"urlTemplate\":\"https:\\\/\\\/labreva.com\\\/de\\\/?s={search_term_string}\"},\"query-input\":{\"@type\":\"PropertyValueSpecification\",\"valueRequired\":true,\"valueName\":\"search_term_string\"}}],\"inLanguage\":\"de\"},{\"@type\":\"Organization\",\"@id\":\"https:\\\/\\\/labreva.com\\\/de\\\/#organization\",\"name\":\"LABREVA - Feriendomizile am Comer See\",\"url\":\"https:\\\/\\\/labreva.com\\\/de\\\/\",\"logo\":{\"@type\":\"ImageObject\",\"inLanguage\":\"de\",\"@id\":\"https:\\\/\\\/labreva.com\\\/de\\\/#\\\/schema\\\/logo\\\/image\\\/\",\"url\":\"https:\\\/\\\/labreva.com\\\/wp-content\\\/uploads\\\/2025\\\/11\\\/Labreva_Logo_RGB_5.svg\",\"contentUrl\":\"https:\\\/\\\/labreva.com\\\/wp-content\\\/uploads\\\/2025\\\/11\\\/Labreva_Logo_RGB_5.svg\",\"caption\":\"LABREVA - Feriendomizile am Comer See\"},\"image\":{\"@id\":\"https:\\\/\\\/labreva.com\\\/de\\\/#\\\/schema\\\/logo\\\/image\\\/\"}},{\"@type\":\"Person\",\"@id\":\"https:\\\/\\\/labreva.com\\\/de\\\/#\\\/schema\\\/person\\\/3d3252f644922b8a1d4e1cdcdd1c8369\",\"name\":\"admin_xrPcOR73cNm9o1lnBnzC1xiFyF\",\"image\":{\"@type\":\"ImageObject\",\"inLanguage\":\"de\",\"@id\":\"https:\\\/\\\/secure.gravatar.com\\\/avatar\\\/3e9ae8c9345d557659d8111b66a89666af430d2d83ac50439fa78530db3797a6?s=96&d=mm&r=g\",\"url\":\"https:\\\/\\\/secure.gravatar.com\\\/avatar\\\/3e9ae8c9345d557659d8111b66a89666af430d2d83ac50439fa78530db3797a6?s=96&d=mm&r=g\",\"contentUrl\":\"https:\\\/\\\/secure.gravatar.com\\\/avatar\\\/3e9ae8c9345d557659d8111b66a89666af430d2d83ac50439fa78530db3797a6?s=96&d=mm&r=g\",\"caption\":\"admin_xrPcOR73cNm9o1lnBnzC1xiFyF\"},\"sameAs\":[\"https:\\\/\\\/labreva.com\"]}]}<\/script>\n<!-- \/ Yoast SEO plugin. -->","yoast_head_json":{"title":"FEWO am Comer See - LABREVA - Feriendomizile am Comer See","robots":{"index":"index","follow":"follow","max-snippet":"max-snippet:-1","max-image-preview":"max-image-preview:large","max-video-preview":"max-video-preview:-1"},"canonical":"https:\/\/labreva.com\/de\/fewo-am-comer-see\/","og_locale":"de_DE","og_type":"article","og_title":"FEWO am Comer See - LABREVA - Feriendomizile am Comer See","og_description":"LABREVA bietet eine besondere Auswahl an Comer See Fewo\u2019s mit vielen Vorteilen und Komfort. Top- Ausstattung - Gepr\u00fcfte Qualit\u00e4t - Traumhafte Lagen - Sport & Spiel-Service - Top- Preise... LABREVA bietet eine besondere Auswahl an Comer See Fewo\u2019s mit vielen Vorteilen und Komfort. Top- Ausstattung - Gepr\u00fcfte Qualit\u00e4t - Traumhafte Lagen - Sport & Spiel-Service - Top- Preise...","og_url":"https:\/\/labreva.com\/de\/fewo-am-comer-see\/","og_site_name":"LABREVA - Feriendomizile am Comer See","article_published_time":"2022-07-06T09:58:34+00:00","article_modified_time":"2025-12-15T10:01:26+00:00","og_image":[{"width":2048,"height":1364,"url":"https:\/\/labreva.com\/wp-content\/uploads\/2025\/11\/mf7860164.jpg","type":"image\/jpeg"}],"author":"admin_xrPcOR73cNm9o1lnBnzC1xiFyF","twitter_card":"summary_large_image","twitter_misc":{"Verfasst von":"admin_xrPcOR73cNm9o1lnBnzC1xiFyF","Gesch\u00e4tzte Lesezeit":"2\u00a0Minuten"},"schema":{"@context":"https:\/\/schema.org","@graph":[{"@type":"Article","@id":"https:\/\/labreva.com\/de\/fewo-am-comer-see\/#article","isPartOf":{"@id":"https:\/\/labreva.com\/de\/fewo-am-comer-see\/"},"author":{"name":"admin_xrPcOR73cNm9o1lnBnzC1xiFyF","@id":"https:\/\/labreva.com\/de\/#\/schema\/person\/3d3252f644922b8a1d4e1cdcdd1c8369"},"headline":"FEWO am Comer See","datePublished":"2022-07-06T09:58:34+00:00","dateModified":"2025-12-15T10:01:26+00:00","mainEntityOfPage":{"@id":"https:\/\/labreva.com\/de\/fewo-am-comer-see\/"},"wordCount":305,"commentCount":0,"publisher":{"@id":"https:\/\/labreva.com\/de\/#organization"},"image":{"@id":"https:\/\/labreva.com\/de\/fewo-am-comer-see\/#primaryimage"},"thumbnailUrl":"https:\/\/labreva.com\/wp-content\/uploads\/2025\/11\/mf7860164.jpg","articleSection":["Nicht kategorisiert"],"inLanguage":"de","potentialAction":[{"@type":"CommentAction","name":"Comment","target":["https:\/\/labreva.com\/de\/fewo-am-comer-see\/#respond"]}]},{"@type":"WebPage","@id":"https:\/\/labreva.com\/de\/fewo-am-comer-see\/","url":"https:\/\/labreva.com\/de\/fewo-am-comer-see\/","name":"FEWO am Comer See - LABREVA - Feriendomizile am Comer See","isPartOf":{"@id":"https:\/\/labreva.com\/de\/#website"},"primaryImageOfPage":{"@id":"https:\/\/labreva.com\/de\/fewo-am-comer-see\/#primaryimage"},"image":{"@id":"https:\/\/labreva.com\/de\/fewo-am-comer-see\/#primaryimage"},"thumbnailUrl":"https:\/\/labreva.com\/wp-content\/uploads\/2025\/11\/mf7860164.jpg","datePublished":"2022-07-06T09:58:34+00:00","dateModified":"2025-12-15T10:01:26+00:00","breadcrumb":{"@id":"https:\/\/labreva.com\/de\/fewo-am-comer-see\/#breadcrumb"},"inLanguage":"de","potentialAction":[{"@type":"ReadAction","target":["https:\/\/labreva.com\/de\/fewo-am-comer-see\/"]}]},{"@type":"ImageObject","inLanguage":"de","@id":"https:\/\/labreva.com\/de\/fewo-am-comer-see\/#primaryimage","url":"https:\/\/labreva.com\/wp-content\/uploads\/2025\/11\/mf7860164.jpg","contentUrl":"https:\/\/labreva.com\/wp-content\/uploads\/2025\/11\/mf7860164.jpg","width":2048,"height":1364},{"@type":"BreadcrumbList","@id":"https:\/\/labreva.com\/de\/fewo-am-comer-see\/#breadcrumb","itemListElement":[{"@type":"ListItem","position":1,"name":"Startseite","item":"https:\/\/labreva.com\/de\/"},{"@type":"ListItem","position":2,"name":"FEWO am Comer See"}]},{"@type":"WebSite","@id":"https:\/\/labreva.com\/de\/#website","url":"https:\/\/labreva.com\/de\/","name":"LABREVA - Feriendomizile am Comer See","description":"","publisher":{"@id":"https:\/\/labreva.com\/de\/#organization"},"potentialAction":[{"@type":"SearchAction","target":{"@type":"EntryPoint","urlTemplate":"https:\/\/labreva.com\/de\/?s={search_term_string}"},"query-input":{"@type":"PropertyValueSpecification","valueRequired":true,"valueName":"search_term_string"}}],"inLanguage":"de"},{"@type":"Organization","@id":"https:\/\/labreva.com\/de\/#organization","name":"LABREVA - Feriendomizile am Comer See","url":"https:\/\/labreva.com\/de\/","logo":{"@type":"ImageObject","inLanguage":"de","@id":"https:\/\/labreva.com\/de\/#\/schema\/logo\/image\/","url":"https:\/\/labreva.com\/wp-content\/uploads\/2025\/11\/Labreva_Logo_RGB_5.svg","contentUrl":"https:\/\/labreva.com\/wp-content\/uploads\/2025\/11\/Labreva_Logo_RGB_5.svg","caption":"LABREVA - Feriendomizile am Comer See"},"image":{"@id":"https:\/\/labreva.com\/de\/#\/schema\/logo\/image\/"}},{"@type":"Person","@id":"https:\/\/labreva.com\/de\/#\/schema\/person\/3d3252f644922b8a1d4e1cdcdd1c8369","name":"admin_xrPcOR73cNm9o1lnBnzC1xiFyF","image":{"@type":"ImageObject","inLanguage":"de","@id":"https:\/\/secure.gravatar.com\/avatar\/3e9ae8c9345d557659d8111b66a89666af430d2d83ac50439fa78530db3797a6?s=96&d=mm&r=g","url":"https:\/\/secure.gravatar.com\/avatar\/3e9ae8c9345d557659d8111b66a89666af430d2d83ac50439fa78530db3797a6?s=96&d=mm&r=g","contentUrl":"https:\/\/secure.gravatar.com\/avatar\/3e9ae8c9345d557659d8111b66a89666af430d2d83ac50439fa78530db3797a6?s=96&d=mm&r=g","caption":"admin_xrPcOR73cNm9o1lnBnzC1xiFyF"},"sameAs":["https:\/\/labreva.com"]}]}},"_links":{"self":[{"href":"https:\/\/labreva.com\/de\/wp-json\/wp\/v2\/posts\/8853","targetHints":{"allow":["GET"]}}],"collection":[{"href":"https:\/\/labreva.com\/de\/wp-json\/wp\/v2\/posts"}],"about":[{"href":"https:\/\/labreva.com\/de\/wp-json\/wp\/v2\/types\/post"}],"author":[{"embeddable":true,"href":"https:\/\/labreva.com\/de\/wp-json\/wp\/v2\/users\/1"}],"replies":[{"embeddable":true,"href":"https:\/\/labreva.com\/de\/wp-json\/wp\/v2\/comments?post=8853"}],"version-history":[{"count":3,"href":"https:\/\/labreva.com\/de\/wp-json\/wp\/v2\/posts\/8853\/revisions"}],"predecessor-version":[{"id":78222,"href":"https:\/\/labreva.com\/de\/wp-json\/wp\/v2\/posts\/8853\/revisions\/78222"}],"wp:featuredmedia":[{"embeddable":true,"href":"https:\/\/labreva.com\/de\/wp-json\/wp\/v2\/media\/1773"}],"wp:attachment":[{"href":"https:\/\/labreva.com\/de\/wp-json\/wp\/v2\/media?parent=8853"}],"wp:term":[{"taxonomy":"category","embeddable":true,"href":"https:\/\/labreva.com\/de\/wp-json\/wp\/v2\/categories?post=8853"},{"taxonomy":"post_tag","embeddable":true,"href":"https:\/\/labreva.com\/de\/wp-json\/wp\/v2\/tags?post=8853"}],"curies":[{"name":"wp","href":"https:\/\/api.w.org\/{rel}","templated":true}]}}