{"id":8828,"date":"2022-06-30T12:04:25","date_gmt":"2022-06-30T10:04:25","guid":{"rendered":"https:\/\/labreva.com\/?p=831"},"modified":"2025-12-15T11:44:42","modified_gmt":"2025-12-15T10:44:42","slug":"weinfest-merbegno-in-cantina-im-valtellina-tal","status":"publish","type":"post","link":"https:\/\/labreva.com\/de\/weinfest-merbegno-in-cantina-im-valtellina-tal\/","title":{"rendered":"Weinfest Merbegno in Cantina im Valtellina Tal"},"content":{"rendered":"\t\t<div data-elementor-type=\"wp-post\" data-elementor-id=\"8828\" class=\"elementor elementor-8828\" data-elementor-post-type=\"post\">\n\t\t\t\t\t\t<section class=\"elementor-section elementor-top-section elementor-element elementor-element-625a45f elementor-section-boxed elementor-section-height-default elementor-section-height-default\" data-id=\"625a45f\" data-element_type=\"section\" data-e-type=\"section\">\n\t\t\t\t\t\t<div class=\"elementor-container elementor-column-gap-default\">\n\t\t\t\t\t<div class=\"elementor-column elementor-col-100 elementor-top-column elementor-element elementor-element-8b55bdb\" data-id=\"8b55bdb\" data-element_type=\"column\" data-e-type=\"column\">\n\t\t\t<div class=\"elementor-widget-wrap elementor-element-populated\">\n\t\t\t\t\t\t<div class=\"elementor-element elementor-element-73e4a24 elementor-widget elementor-widget-text-editor\" data-id=\"73e4a24\" data-element_type=\"widget\" data-e-type=\"widget\" data-widget_type=\"text-editor.default\">\n\t\t\t\t\t\t\t\t\t<p>WEINKELLER \u00d6FFNEN SICH F\u00dcR IHRE BESUCHER<\/p><div class=\"layout_full block\"><div class=\"ce_text punkt block\"><p>W\u00e4hlen Sie zwischen den Weinwanderungen Bianco, Verde, Giallo und Rosso und wandern Sie von Weinkeller zu Weinkeller und probieren die Weine des Jahres und K\u00f6stlichkeiten der valtellinischen K\u00fcchen. Kleine, famili\u00e4re Weinkeller \u00f6ffnen sich an diesen Tagen f\u00fcr ihre Besucher.<\/p><p>Die Leute sind sehr herzlich und aufgeschlossen. Weinwege Bianco, Verde und Giallo: Euro 10,- pro Person. Weinwege Rosso: Euro 18,- pro Person, vor Ort in Morbegno der Beschilderung &#8222;Morbegno in Cantina&#8220; folgen.Eintritt zahlt nur, wer Wein oder Spezialit\u00e4ten kosten m\u00f6chte.<\/p><p>F\u00fcr alle anderen, die einfach nur das bunte Treiben erleben m\u00f6chten oder auch f\u00fcr Kinder, die nichts konsumieren, ist der Eintritt frei.Unser LABREVA &#8211; Tipp: sehr empfehlenswert und unterhaltsam, auch f\u00fcr Nicht-italienisch-Kundige. Mittlerweile ein Klassiker, den man nicht auslassen sollte! Zudem in dem wundersch\u00f6nen antiken Morbegno!<\/p><p>Mehr Infos: <a href=\"http:\/\/www.valtellina.it\" target=\"_blank\" rel=\"noopener\">valtellina.it<\/a><\/p><p><em>Alle Angaben nach bestem Wissen und ohne Gew\u00e4hr<\/em><\/p><\/div><\/div>\t\t\t\t\t\t\t\t<\/div>\n\t\t\t\t\t<\/div>\n\t\t<\/div>\n\t\t\t\t\t<\/div>\n\t\t<\/section>\n\t\t\t\t<\/div>\n\t\t","protected":false},"excerpt":{"rendered":"<p>Ende September \/ Anfang Oktober &#8211; 2 Wochenenden (Fr-So) &#8211; Cantine aperte in Morbegno. Beliebt und einzigartig: Weinfest Morbegno in Cantina. Freitag abend &#8211; Sonntag sp\u00e4tnachmittag.<\/p>\n","protected":false},"author":1,"featured_media":0,"comment_status":"open","ping_status":"open","sticky":false,"template":"","format":"standard","meta":{"_acf_changed":false,"footnotes":""},"categories":[1],"tags":[],"class_list":["post-8828","post","type-post","status-publish","format-standard","hentry","category-nicht-kategorisiert"],"acf":[],"yoast_head":"<!-- This site is optimized with the Yoast SEO plugin v27.3 - https:\/\/yoast.com\/product\/yoast-seo-wordpress\/ -->\n<title>Weinfest Merbegno in Cantina im Valtellina Tal - LABREVA - Feriendomizile am Comer See<\/title>\n<meta name=\"robots\" content=\"index, follow, max-snippet:-1, max-image-preview:large, max-video-preview:-1\" \/>\n<link rel=\"canonical\" href=\"https:\/\/labreva.com\/de\/weinfest-merbegno-in-cantina-im-valtellina-tal\/\" \/>\n<meta property=\"og:locale\" content=\"de_DE\" \/>\n<meta property=\"og:type\" content=\"article\" \/>\n<meta property=\"og:title\" content=\"Weinfest Merbegno in Cantina im Valtellina Tal - LABREVA - Feriendomizile am Comer See\" \/>\n<meta property=\"og:description\" content=\"Ende September \/ Anfang Oktober - 2 Wochenenden (Fr-So) - Cantine aperte in Morbegno. Beliebt und einzigartig: Weinfest Morbegno in Cantina. Freitag abend - Sonntag sp\u00e4tnachmittag.\" \/>\n<meta property=\"og:url\" content=\"https:\/\/labreva.com\/de\/weinfest-merbegno-in-cantina-im-valtellina-tal\/\" \/>\n<meta property=\"og:site_name\" content=\"LABREVA - Feriendomizile am Comer See\" \/>\n<meta property=\"article:published_time\" content=\"2022-06-30T10:04:25+00:00\" \/>\n<meta property=\"article:modified_time\" content=\"2025-12-15T10:44:42+00:00\" \/>\n<meta name=\"author\" content=\"admin_xrPcOR73cNm9o1lnBnzC1xiFyF\" \/>\n<meta name=\"twitter:card\" content=\"summary_large_image\" \/>\n<meta name=\"twitter:label1\" content=\"Verfasst von\" \/>\n\t<meta name=\"twitter:data1\" content=\"admin_xrPcOR73cNm9o1lnBnzC1xiFyF\" \/>\n\t<meta name=\"twitter:label2\" content=\"Gesch\u00e4tzte Lesezeit\" \/>\n\t<meta name=\"twitter:data2\" content=\"1\u00a0Minute\" \/>\n<script type=\"application\/ld+json\" class=\"yoast-schema-graph\">{\"@context\":\"https:\\\/\\\/schema.org\",\"@graph\":[{\"@type\":\"Article\",\"@id\":\"https:\\\/\\\/labreva.com\\\/de\\\/weinfest-merbegno-in-cantina-im-valtellina-tal\\\/#article\",\"isPartOf\":{\"@id\":\"https:\\\/\\\/labreva.com\\\/de\\\/weinfest-merbegno-in-cantina-im-valtellina-tal\\\/\"},\"author\":{\"name\":\"admin_xrPcOR73cNm9o1lnBnzC1xiFyF\",\"@id\":\"https:\\\/\\\/labreva.com\\\/de\\\/#\\\/schema\\\/person\\\/3d3252f644922b8a1d4e1cdcdd1c8369\"},\"headline\":\"Weinfest Merbegno in Cantina im Valtellina Tal\",\"datePublished\":\"2022-06-30T10:04:25+00:00\",\"dateModified\":\"2025-12-15T10:44:42+00:00\",\"mainEntityOfPage\":{\"@id\":\"https:\\\/\\\/labreva.com\\\/de\\\/weinfest-merbegno-in-cantina-im-valtellina-tal\\\/\"},\"wordCount\":166,\"commentCount\":0,\"publisher\":{\"@id\":\"https:\\\/\\\/labreva.com\\\/de\\\/#organization\"},\"articleSection\":[\"Nicht kategorisiert\"],\"inLanguage\":\"de\",\"potentialAction\":[{\"@type\":\"CommentAction\",\"name\":\"Comment\",\"target\":[\"https:\\\/\\\/labreva.com\\\/de\\\/weinfest-merbegno-in-cantina-im-valtellina-tal\\\/#respond\"]}]},{\"@type\":\"WebPage\",\"@id\":\"https:\\\/\\\/labreva.com\\\/de\\\/weinfest-merbegno-in-cantina-im-valtellina-tal\\\/\",\"url\":\"https:\\\/\\\/labreva.com\\\/de\\\/weinfest-merbegno-in-cantina-im-valtellina-tal\\\/\",\"name\":\"Weinfest Merbegno in Cantina im Valtellina Tal - LABREVA - Feriendomizile am Comer See\",\"isPartOf\":{\"@id\":\"https:\\\/\\\/labreva.com\\\/de\\\/#website\"},\"datePublished\":\"2022-06-30T10:04:25+00:00\",\"dateModified\":\"2025-12-15T10:44:42+00:00\",\"breadcrumb\":{\"@id\":\"https:\\\/\\\/labreva.com\\\/de\\\/weinfest-merbegno-in-cantina-im-valtellina-tal\\\/#breadcrumb\"},\"inLanguage\":\"de\",\"potentialAction\":[{\"@type\":\"ReadAction\",\"target\":[\"https:\\\/\\\/labreva.com\\\/de\\\/weinfest-merbegno-in-cantina-im-valtellina-tal\\\/\"]}]},{\"@type\":\"BreadcrumbList\",\"@id\":\"https:\\\/\\\/labreva.com\\\/de\\\/weinfest-merbegno-in-cantina-im-valtellina-tal\\\/#breadcrumb\",\"itemListElement\":[{\"@type\":\"ListItem\",\"position\":1,\"name\":\"Startseite\",\"item\":\"https:\\\/\\\/labreva.com\\\/de\\\/\"},{\"@type\":\"ListItem\",\"position\":2,\"name\":\"Weinfest Merbegno in Cantina im Valtellina Tal\"}]},{\"@type\":\"WebSite\",\"@id\":\"https:\\\/\\\/labreva.com\\\/de\\\/#website\",\"url\":\"https:\\\/\\\/labreva.com\\\/de\\\/\",\"name\":\"LABREVA - Feriendomizile am Comer See\",\"description\":\"\",\"publisher\":{\"@id\":\"https:\\\/\\\/labreva.com\\\/de\\\/#organization\"},\"potentialAction\":[{\"@type\":\"SearchAction\",\"target\":{\"@type\":\"EntryPoint\",\"urlTemplate\":\"https:\\\/\\\/labreva.com\\\/de\\\/?s={search_term_string}\"},\"query-input\":{\"@type\":\"PropertyValueSpecification\",\"valueRequired\":true,\"valueName\":\"search_term_string\"}}],\"inLanguage\":\"de\"},{\"@type\":\"Organization\",\"@id\":\"https:\\\/\\\/labreva.com\\\/de\\\/#organization\",\"name\":\"LABREVA - Feriendomizile am Comer See\",\"url\":\"https:\\\/\\\/labreva.com\\\/de\\\/\",\"logo\":{\"@type\":\"ImageObject\",\"inLanguage\":\"de\",\"@id\":\"https:\\\/\\\/labreva.com\\\/de\\\/#\\\/schema\\\/logo\\\/image\\\/\",\"url\":\"https:\\\/\\\/labreva.com\\\/wp-content\\\/uploads\\\/2025\\\/11\\\/Labreva_Logo_RGB_5.svg\",\"contentUrl\":\"https:\\\/\\\/labreva.com\\\/wp-content\\\/uploads\\\/2025\\\/11\\\/Labreva_Logo_RGB_5.svg\",\"caption\":\"LABREVA - Feriendomizile am Comer See\"},\"image\":{\"@id\":\"https:\\\/\\\/labreva.com\\\/de\\\/#\\\/schema\\\/logo\\\/image\\\/\"}},{\"@type\":\"Person\",\"@id\":\"https:\\\/\\\/labreva.com\\\/de\\\/#\\\/schema\\\/person\\\/3d3252f644922b8a1d4e1cdcdd1c8369\",\"name\":\"admin_xrPcOR73cNm9o1lnBnzC1xiFyF\",\"image\":{\"@type\":\"ImageObject\",\"inLanguage\":\"de\",\"@id\":\"https:\\\/\\\/secure.gravatar.com\\\/avatar\\\/3e9ae8c9345d557659d8111b66a89666af430d2d83ac50439fa78530db3797a6?s=96&d=mm&r=g\",\"url\":\"https:\\\/\\\/secure.gravatar.com\\\/avatar\\\/3e9ae8c9345d557659d8111b66a89666af430d2d83ac50439fa78530db3797a6?s=96&d=mm&r=g\",\"contentUrl\":\"https:\\\/\\\/secure.gravatar.com\\\/avatar\\\/3e9ae8c9345d557659d8111b66a89666af430d2d83ac50439fa78530db3797a6?s=96&d=mm&r=g\",\"caption\":\"admin_xrPcOR73cNm9o1lnBnzC1xiFyF\"},\"sameAs\":[\"https:\\\/\\\/labreva.com\"]}]}<\/script>\n<!-- \/ Yoast SEO plugin. -->","yoast_head_json":{"title":"Weinfest Merbegno in Cantina im Valtellina Tal - LABREVA - Feriendomizile am Comer See","robots":{"index":"index","follow":"follow","max-snippet":"max-snippet:-1","max-image-preview":"max-image-preview:large","max-video-preview":"max-video-preview:-1"},"canonical":"https:\/\/labreva.com\/de\/weinfest-merbegno-in-cantina-im-valtellina-tal\/","og_locale":"de_DE","og_type":"article","og_title":"Weinfest Merbegno in Cantina im Valtellina Tal - LABREVA - Feriendomizile am Comer See","og_description":"Ende September \/ Anfang Oktober - 2 Wochenenden (Fr-So) - Cantine aperte in Morbegno. Beliebt und einzigartig: Weinfest Morbegno in Cantina. Freitag abend - Sonntag sp\u00e4tnachmittag.","og_url":"https:\/\/labreva.com\/de\/weinfest-merbegno-in-cantina-im-valtellina-tal\/","og_site_name":"LABREVA - Feriendomizile am Comer See","article_published_time":"2022-06-30T10:04:25+00:00","article_modified_time":"2025-12-15T10:44:42+00:00","author":"admin_xrPcOR73cNm9o1lnBnzC1xiFyF","twitter_card":"summary_large_image","twitter_misc":{"Verfasst von":"admin_xrPcOR73cNm9o1lnBnzC1xiFyF","Gesch\u00e4tzte Lesezeit":"1\u00a0Minute"},"schema":{"@context":"https:\/\/schema.org","@graph":[{"@type":"Article","@id":"https:\/\/labreva.com\/de\/weinfest-merbegno-in-cantina-im-valtellina-tal\/#article","isPartOf":{"@id":"https:\/\/labreva.com\/de\/weinfest-merbegno-in-cantina-im-valtellina-tal\/"},"author":{"name":"admin_xrPcOR73cNm9o1lnBnzC1xiFyF","@id":"https:\/\/labreva.com\/de\/#\/schema\/person\/3d3252f644922b8a1d4e1cdcdd1c8369"},"headline":"Weinfest Merbegno in Cantina im Valtellina Tal","datePublished":"2022-06-30T10:04:25+00:00","dateModified":"2025-12-15T10:44:42+00:00","mainEntityOfPage":{"@id":"https:\/\/labreva.com\/de\/weinfest-merbegno-in-cantina-im-valtellina-tal\/"},"wordCount":166,"commentCount":0,"publisher":{"@id":"https:\/\/labreva.com\/de\/#organization"},"articleSection":["Nicht kategorisiert"],"inLanguage":"de","potentialAction":[{"@type":"CommentAction","name":"Comment","target":["https:\/\/labreva.com\/de\/weinfest-merbegno-in-cantina-im-valtellina-tal\/#respond"]}]},{"@type":"WebPage","@id":"https:\/\/labreva.com\/de\/weinfest-merbegno-in-cantina-im-valtellina-tal\/","url":"https:\/\/labreva.com\/de\/weinfest-merbegno-in-cantina-im-valtellina-tal\/","name":"Weinfest Merbegno in Cantina im Valtellina Tal - LABREVA - Feriendomizile am Comer See","isPartOf":{"@id":"https:\/\/labreva.com\/de\/#website"},"datePublished":"2022-06-30T10:04:25+00:00","dateModified":"2025-12-15T10:44:42+00:00","breadcrumb":{"@id":"https:\/\/labreva.com\/de\/weinfest-merbegno-in-cantina-im-valtellina-tal\/#breadcrumb"},"inLanguage":"de","potentialAction":[{"@type":"ReadAction","target":["https:\/\/labreva.com\/de\/weinfest-merbegno-in-cantina-im-valtellina-tal\/"]}]},{"@type":"BreadcrumbList","@id":"https:\/\/labreva.com\/de\/weinfest-merbegno-in-cantina-im-valtellina-tal\/#breadcrumb","itemListElement":[{"@type":"ListItem","position":1,"name":"Startseite","item":"https:\/\/labreva.com\/de\/"},{"@type":"ListItem","position":2,"name":"Weinfest Merbegno in Cantina im Valtellina Tal"}]},{"@type":"WebSite","@id":"https:\/\/labreva.com\/de\/#website","url":"https:\/\/labreva.com\/de\/","name":"LABREVA - Feriendomizile am Comer See","description":"","publisher":{"@id":"https:\/\/labreva.com\/de\/#organization"},"potentialAction":[{"@type":"SearchAction","target":{"@type":"EntryPoint","urlTemplate":"https:\/\/labreva.com\/de\/?s={search_term_string}"},"query-input":{"@type":"PropertyValueSpecification","valueRequired":true,"valueName":"search_term_string"}}],"inLanguage":"de"},{"@type":"Organization","@id":"https:\/\/labreva.com\/de\/#organization","name":"LABREVA - Feriendomizile am Comer See","url":"https:\/\/labreva.com\/de\/","logo":{"@type":"ImageObject","inLanguage":"de","@id":"https:\/\/labreva.com\/de\/#\/schema\/logo\/image\/","url":"https:\/\/labreva.com\/wp-content\/uploads\/2025\/11\/Labreva_Logo_RGB_5.svg","contentUrl":"https:\/\/labreva.com\/wp-content\/uploads\/2025\/11\/Labreva_Logo_RGB_5.svg","caption":"LABREVA - Feriendomizile am Comer See"},"image":{"@id":"https:\/\/labreva.com\/de\/#\/schema\/logo\/image\/"}},{"@type":"Person","@id":"https:\/\/labreva.com\/de\/#\/schema\/person\/3d3252f644922b8a1d4e1cdcdd1c8369","name":"admin_xrPcOR73cNm9o1lnBnzC1xiFyF","image":{"@type":"ImageObject","inLanguage":"de","@id":"https:\/\/secure.gravatar.com\/avatar\/3e9ae8c9345d557659d8111b66a89666af430d2d83ac50439fa78530db3797a6?s=96&d=mm&r=g","url":"https:\/\/secure.gravatar.com\/avatar\/3e9ae8c9345d557659d8111b66a89666af430d2d83ac50439fa78530db3797a6?s=96&d=mm&r=g","contentUrl":"https:\/\/secure.gravatar.com\/avatar\/3e9ae8c9345d557659d8111b66a89666af430d2d83ac50439fa78530db3797a6?s=96&d=mm&r=g","caption":"admin_xrPcOR73cNm9o1lnBnzC1xiFyF"},"sameAs":["https:\/\/labreva.com"]}]}},"_links":{"self":[{"href":"https:\/\/labreva.com\/de\/wp-json\/wp\/v2\/posts\/8828","targetHints":{"allow":["GET"]}}],"collection":[{"href":"https:\/\/labreva.com\/de\/wp-json\/wp\/v2\/posts"}],"about":[{"href":"https:\/\/labreva.com\/de\/wp-json\/wp\/v2\/types\/post"}],"author":[{"embeddable":true,"href":"https:\/\/labreva.com\/de\/wp-json\/wp\/v2\/users\/1"}],"replies":[{"embeddable":true,"href":"https:\/\/labreva.com\/de\/wp-json\/wp\/v2\/comments?post=8828"}],"version-history":[{"count":4,"href":"https:\/\/labreva.com\/de\/wp-json\/wp\/v2\/posts\/8828\/revisions"}],"predecessor-version":[{"id":78321,"href":"https:\/\/labreva.com\/de\/wp-json\/wp\/v2\/posts\/8828\/revisions\/78321"}],"wp:attachment":[{"href":"https:\/\/labreva.com\/de\/wp-json\/wp\/v2\/media?parent=8828"}],"wp:term":[{"taxonomy":"category","embeddable":true,"href":"https:\/\/labreva.com\/de\/wp-json\/wp\/v2\/categories?post=8828"},{"taxonomy":"post_tag","embeddable":true,"href":"https:\/\/labreva.com\/de\/wp-json\/wp\/v2\/tags?post=8828"}],"curies":[{"name":"wp","href":"https:\/\/api.w.org\/{rel}","templated":true}]}}